{"id":217135,"date":"2025-07-01T02:35:19","date_gmt":"2025-07-01T02:35:19","guid":{"rendered":"https:\/\/www.europesays.com\/fr\/217135\/"},"modified":"2025-07-01T02:35:19","modified_gmt":"2025-07-01T02:35:19","slug":"ostwald-entre-dj-set-et-degustation-dhuitres-le-miro-festival-a-regale-les-epicuriens","status":"publish","type":"post","link":"https:\/\/www.europesays.com\/fr\/217135\/","title":{"rendered":"Ostwald. Entre DJ set et d\u00e9gustation d\u2019hu\u00eetres, le Miro Festival a r\u00e9gal\u00e9 les \u00e9picuriens"},"content":{"rendered":"<p>C\u2019est dans le parc bucolique du restaurant Miro, situ\u00e9 au bout du chemin de la Nachtweid sur les berges de l\u2019Ill, que la 4e \u00e9dition du festival au programme \u00e9clectique, tant sur le plan gourmand que musical, a battu son plein durant trois jours du vendredi\u00a027 au dimanche 29\u00a0juin.<\/p>\n<p>Entre house tropicale, groove funk et \u00e9lectro m\u00e9tiss\u00e9e, les DJs Barbara Boeing (Br\u00e9sil), Jimena Angel (Colombie), Nadav Tabak (Nouvelle-Z\u00e9lande), Kavier (Londres), Kill Emil (Ath\u00e8nes) ou encore <a href=\"https:\/\/www.dna.fr\/culture-loisirs\/2025\/02\/10\/funkindustry-une-debauche-d-energie-a-la-salle-du-cercle\" target=\"_blank\" rel=\"noopener\">les Strasbourgeois de Funkindustry<\/a> et&#8230;<\/p>\n","protected":false},"excerpt":{"rendered":"C\u2019est dans le parc bucolique du restaurant Miro, situ\u00e9 au bout du chemin de la Nachtweid sur les&hellip;\n","protected":false},"author":2,"featured_media":217136,"comment_status":"","ping_status":"","sticky":false,"template":"","format":"standard","meta":{"footnotes":""},"categories":[2820],"tags":[1111,11,1687,2880,1777,674,107,1011,27,775,6016,873,12,6611,25,640,3089],"class_list":{"0":"post-217135","1":"post","2":"type-post","3":"status-publish","4":"format-standard","5":"has-post-thumbnail","7":"category-strasbourg","8":"tag-actu","9":"tag-actualites","10":"tag-culture-loisirs","11":"tag-edition-strasbourg","12":"tag-eu","13":"tag-europe","14":"tag-fil-info","15":"tag-fr","16":"tag-france","17":"tag-grand-est","18":"tag-magazine-cuisine-et-vins","19":"tag-musique","20":"tag-news","21":"tag-ostwald","22":"tag-republique-francaise","23":"tag-strasbourg","24":"tag-strasbourg-sud"},"share_on_mastodon":{"url":"https:\/\/pubeurope.com\/@fr\/114775649513793731","error":""},"_links":{"self":[{"href":"https:\/\/www.europesays.com\/fr\/wp-json\/wp\/v2\/posts\/217135","targetHints":{"allow":["GET"]}}],"collection":[{"href":"https:\/\/www.europesays.com\/fr\/wp-json\/wp\/v2\/posts"}],"about":[{"href":"https:\/\/www.europesays.com\/fr\/wp-json\/wp\/v2\/types\/post"}],"author":[{"embeddable":true,"href":"https:\/\/www.europesays.com\/fr\/wp-json\/wp\/v2\/users\/2"}],"replies":[{"embeddable":true,"href":"https:\/\/www.europesays.com\/fr\/wp-json\/wp\/v2\/comments?post=217135"}],"version-history":[{"count":0,"href":"https:\/\/www.europesays.com\/fr\/wp-json\/wp\/v2\/posts\/217135\/revisions"}],"wp:featuredmedia":[{"embeddable":true,"href":"https:\/\/www.europesays.com\/fr\/wp-json\/wp\/v2\/media\/217136"}],"wp:attachment":[{"href":"https:\/\/www.europesays.com\/fr\/wp-json\/wp\/v2\/media?parent=217135"}],"wp:term":[{"taxonomy":"category","embeddable":true,"href":"https:\/\/www.europesays.com\/fr\/wp-json\/wp\/v2\/categories?post=217135"},{"taxonomy":"post_tag","embeddable":true,"href":"https:\/\/www.europesays.com\/fr\/wp-json\/wp\/v2\/tags?post=217135"}],"curies":[{"name":"wp","href":"https:\/\/api.w.org\/{rel}","templated":true}]}}