{"id":217139,"date":"2025-07-01T02:37:22","date_gmt":"2025-07-01T02:37:22","guid":{"rendered":"https:\/\/www.europesays.com\/fr\/217139\/"},"modified":"2025-07-01T02:37:22","modified_gmt":"2025-07-01T02:37:22","slug":"a-cagnes-sur-mer-le-maire-louis-negre-met-a-lhonneur-les-agents-municipaux-charges-de-la-salubrite-de-la-ville-pendant-la-periode-estivale","status":"publish","type":"post","link":"https:\/\/www.europesays.com\/fr\/217139\/","title":{"rendered":"\u00c0 Cagnes-sur-Mer, le maire Louis N\u00e8gre met \u00e0 l&rsquo;honneur les agents municipaux charg\u00e9s de la salubrit\u00e9 de la ville pendant la p\u00e9riode estivale"},"content":{"rendered":"<p>Tenue impeccable, mat\u00e9riel v\u00e9rifi\u00e9: <strong>la brigade propret\u00e9 de Cagnes-sur-Mer est pr\u00eate \u00e0 affronter l\u2019\u00e9t\u00e9 et sa charge de travail.<\/strong><\/p>\n<p>Car durant la haute saison, il faut composer avec <strong>une augmentation de la population<\/strong> et donc r\u00e9ussir \u00e0 maintenir un niveau de salubrit\u00e9 maximal.<\/p>\n<p><strong>Le maire, Louis N\u00e8gre<\/strong>, est all\u00e9 saluer la centaine de personnes qui \u0153uvrent \u00e0 maintenir la cit\u00e9 agr\u00e9able et saine, compos\u00e9s d\u2019agents municipaux et m\u00e9tropolitains.<\/p>\n<p>\u00ab\u00a0Ce sont des professionnels investis dans leur mission et il est important de les mettre \u00e0 l\u2019honneur\u00a0\u00bb, souligne l\u2019\u00e9lu.<\/p>\n<p>Mais, conscient que la p\u00e9dagogie est aussi importante, <strong>il a d\u00e9cid\u00e9 d\u2019organiser dans les premiers jours de juillet une r\u00e9union publique.<\/strong><\/p>\n<p>\u00ab\u00a0L\u2019objectif est d\u2019\u00e9voquer le sujet de la propret\u00e9 avec les citoyens afin de rappeler les bons gestes mais aussi tout ce qu\u2019il ne faut pas faire. Car chacun est concern\u00e9 et peut, \u00e0 son niveau, agir.\u00a0\u00bb<\/p>\n","protected":false},"excerpt":{"rendered":"Tenue impeccable, mat\u00e9riel v\u00e9rifi\u00e9: la brigade propret\u00e9 de Cagnes-sur-Mer est pr\u00eate \u00e0 affronter l\u2019\u00e9t\u00e9 et sa charge de&hellip;\n","protected":false},"author":2,"featured_media":217140,"comment_status":"","ping_status":"","sticky":false,"template":"","format":"standard","meta":{"footnotes":""},"categories":[2819],"tags":[1111,11,1777,674,1011,27,12,2401,882,25,3366],"class_list":{"0":"post-217139","1":"post","2":"type-post","3":"status-publish","4":"format-standard","5":"has-post-thumbnail","7":"category-nice","8":"tag-actu","9":"tag-actualites","10":"tag-eu","11":"tag-europe","12":"tag-fr","13":"tag-france","14":"tag-news","15":"tag-nice","16":"tag-provence-alpes-cote-dazur","17":"tag-republique-francaise","18":"tag-vie-locale"},"share_on_mastodon":{"url":"https:\/\/pubeurope.com\/@fr\/114775657303219522","error":""},"_links":{"self":[{"href":"https:\/\/www.europesays.com\/fr\/wp-json\/wp\/v2\/posts\/217139","targetHints":{"allow":["GET"]}}],"collection":[{"href":"https:\/\/www.europesays.com\/fr\/wp-json\/wp\/v2\/posts"}],"about":[{"href":"https:\/\/www.europesays.com\/fr\/wp-json\/wp\/v2\/types\/post"}],"author":[{"embeddable":true,"href":"https:\/\/www.europesays.com\/fr\/wp-json\/wp\/v2\/users\/2"}],"replies":[{"embeddable":true,"href":"https:\/\/www.europesays.com\/fr\/wp-json\/wp\/v2\/comments?post=217139"}],"version-history":[{"count":0,"href":"https:\/\/www.europesays.com\/fr\/wp-json\/wp\/v2\/posts\/217139\/revisions"}],"wp:featuredmedia":[{"embeddable":true,"href":"https:\/\/www.europesays.com\/fr\/wp-json\/wp\/v2\/media\/217140"}],"wp:attachment":[{"href":"https:\/\/www.europesays.com\/fr\/wp-json\/wp\/v2\/media?parent=217139"}],"wp:term":[{"taxonomy":"category","embeddable":true,"href":"https:\/\/www.europesays.com\/fr\/wp-json\/wp\/v2\/categories?post=217139"},{"taxonomy":"post_tag","embeddable":true,"href":"https:\/\/www.europesays.com\/fr\/wp-json\/wp\/v2\/tags?post=217139"}],"curies":[{"name":"wp","href":"https:\/\/api.w.org\/{rel}","templated":true}]}}