{"id":217141,"date":"2025-07-01T02:38:13","date_gmt":"2025-07-01T02:38:13","guid":{"rendered":"https:\/\/www.europesays.com\/fr\/217141\/"},"modified":"2025-07-01T02:38:13","modified_gmt":"2025-07-01T02:38:13","slug":"gardes-a-vue-levees-pour-le-couple-estrosi-et-delphine-ernotte","status":"publish","type":"post","link":"https:\/\/www.europesays.com\/fr\/217141\/","title":{"rendered":"gardes \u00e0 vue lev\u00e9es pour le couple Estrosi et Delphine Ernotte"},"content":{"rendered":"<p>\u00ab\u00a0A l&rsquo;issue des r\u00e9ponses que Christian Estrosi a apport\u00e9es, il a \u00e9t\u00e9 d\u00e9cid\u00e9 de lever la mesure sans lui notifier la moindre poursuite\u00a0\u00bb, a d\u00e9clar\u00e9 son avocat, Me Mathias Chichportich.<\/p>\n<p>\u00ab\u00a0S&rsquo;il respecte le travail l\u00e9gitime des enqu\u00eateurs, mon client d\u00e9nonce l&rsquo;instrumentalisation politique de la justice \u00e0 laquelle se livrent ses opposants. Il rappelle qu&rsquo;une plainte en d\u00e9nonciation calomnieuse a \u00e9t\u00e9 d\u00e9pos\u00e9e \u00e0 leur encontre\u00a0\u00bb, a-t-il soulign\u00e9. <\/p>\n<p>\u00ab\u00a0Cette mise en cause par des \u00e9lus de l&rsquo;opposition, \u00e0 la veille d&rsquo;une nouvelle \u00e9ch\u00e9ance \u00e9lectorale, est particuli\u00e8rement choquante\u00a0\u00bb, a insist\u00e9 Me Marie-Alix Canu-Bernard, avocate de Mme Tenoudji. M. Estrosi, qui doit f\u00eater mardi ses 70 ans, a d\u00e9j\u00e0 annonc\u00e9 qu&rsquo;il serait candidat \u00e0 sa r\u00e9\u00e9lection en 2026.<\/p>\n<p>\u00ab\u00a0S&rsquo;en prendre \u00e0 la femme de M. Estrosi, du seul fait qu&rsquo;elle est son \u00e9pouse, en dit long sur leur conception de la place et de l&rsquo;ind\u00e9pendance des femmes qui travaillent!\u00a0\u00bb, a ajout\u00e9 l&rsquo;avocate.<\/p>\n<p>La patronne de France T\u00e9l\u00e9visions est \u00e9galement \u00ab\u00a0ressortie libre et sans charges retenues contre elle\u00a0\u00bb, a indiqu\u00e9 son entourage \u00e0 l&rsquo;AFP.<\/p>\n<p>Au total, une dizaine de personnes ont \u00e9t\u00e9 convoqu\u00e9es lundi dans le cadre d&rsquo;enqu\u00eates initialement ouvertes \u00e0 Nice puis transf\u00e9r\u00e9es \u00e0 la juridiction interr\u00e9gionale sp\u00e9cialis\u00e9e (Jirs) de Marseille, sur l&rsquo;organisation de deux \u00e9v\u00e9nements \u00e0 l&rsquo;automne 2023 \u00e0 Nice.<\/p>\n<p>Il s&rsquo;agit du concours de chant Eurovision Junior, organis\u00e9 et retransmis par France T\u00e9l\u00e9visions, et du colloque Nice Climate Summit, organis\u00e9 par le m\u00e9dia \u00e9conomique La Tribune, avait affirm\u00e9 la semaine derni\u00e8re \u00e0 l&rsquo;AFP une autre source proche, confirmant une information du site Mediapart.<\/p>\n<p><img alt=\"La pr\u00e9sidente du groupe France T\u00e9l\u00e9visions Delphine Ernotte assiste \u00e0 une conf\u00e9rence \u00e0 La Rochelle (Charente-Maritime), le 16 septembre 2022\" loading=\"lazy\" decoding=\"async\" data-nimg=\"fill\" class=\" TwicCore_img__i9TC1 undefined  undefined\" style=\"position:absolute;height:100%;width:100%;left:0;top:0;right:0;bottom:0;color:transparent;background-size:cover;background-position:50% 50%;background-repeat:no-repeat;background-image:url(&quot;data:image\/svg+xml;charset=utf-8,%3Csvg xmlns='http:\/\/www.w3.org\/2000\/svg' %3E%3Cfilter id='b' color-interpolation-filters='sRGB'%3E%3CfeGaussianBlur stdDeviation='20'\/%3E%3CfeColorMatrix values='1 0 0 0 0 0 1 0 0 0 0 0 1 0 0 0 0 0 100 -1' result='s'\/%3E%3CfeFlood x='0' y='0' width='100%25' height='100%25'\/%3E%3CfeComposite operator='out' in='s'\/%3E%3CfeComposite in2='SourceGraphic'\/%3E%3CfeGaussianBlur stdDeviation='20'\/%3E%3C\/filter%3E%3Cimage width='100%25' height='100%25' x='0' y='0' preserveAspectRatio='none' style='filter: url(%23b);' href='https:\/\/pictures.laprovence.com\/cdn-cgi\/image\/blur=250\/media\/afp\/879b00057783bee67204d7f1c3f717f6bb4ce4ed.jpg'\/%3E%3C\/svg%3E&quot;)\"   src=\"https:\/\/www.europesays.com\/fr\/wp-content\/uploads\/2025\/07\/879b00057783bee67204d7f1c3f717f6bb4ce4ed.jpg\"\/>La pr\u00e9sidente du groupe France T\u00e9l\u00e9visions Delphine Ernotte assiste \u00e0 une conf\u00e9rence \u00e0 La Rochelle (Charente-Maritime), le 16 septembre 2022 PHOTO AFP \/ XAVIER LEOTY<\/p>\n<p>Le pr\u00e9sident de La Tribune, Jean-Christophe Tortora, \u00e9galement directeur g\u00e9n\u00e9ral de CMA M\u00e9dia, a lui aussi \u00e9t\u00e9 convoqu\u00e9 lundi.<\/p>\n<p>Interrog\u00e9 par l&rsquo;AFP sur ce dossier, le parquet de Marseille a r\u00e9pondu qu&rsquo;il \u00ab\u00a0n&rsquo;entend(ait) pas communiquer \u00e0 ce stade de la proc\u00e9dure\u00a0\u00bb.<\/p>\n<p>France T\u00e9l\u00e9visions avait confirm\u00e9 d\u00e8s vendredi dans un communiqu\u00e9 \u00ab\u00a0la convocation de sa pr\u00e9sidente\u00a0\u00bb, \u00ab\u00a0ainsi que de salari\u00e9s du groupe et d&rsquo;une filiale, pour \u00eatre entendus dans le cadre d&rsquo;une enqu\u00eate judiciaire portant sur l&rsquo;organisation d&rsquo;\u00e9v\u00e9nements dans la ville de Nice\u00a0\u00bb.<\/p>\n<p>Le groupe de t\u00e9l\u00e9vision publique \u00ab\u00a0collaborera pleinement \u00e0 cette enqu\u00eate (et) entend r\u00e9server ses explications aux autorit\u00e9s judiciaires\u00a0\u00bb, avait ajout\u00e9 France TV.<\/p>\n<p>Les enqu\u00eates sont notamment ouvertes pour \u00ab\u00a0d\u00e9tournement de fonds publics\u00a0\u00bb, \u00ab\u00a0prise ill\u00e9gale d&rsquo;int\u00e9r\u00eats\u00a0\u00bb ou encore \u00ab\u00a0faux en \u00e9criture publique\u00a0\u00bb, selon une source proche du dossier et Mediapart. <\/p>\n<p>Le site d&rsquo;information assure qu&rsquo;elles \u00ab\u00a0vise(nt) directement\u00a0\u00bb les \u00e9poux Estrosi, mari\u00e9s depuis 2016, \u00ab\u00a0lesquels contestent avoir commis toute infraction\u00a0\u00bb.<\/p>\n<p>Une premi\u00e8re enqu\u00eate avait \u00e9t\u00e9 ouverte apr\u00e8s un signalement d&rsquo;\u00e9lus \u00e9cologistes ni\u00e7ois concernant le Nice Climate Summit. Ancienne chroniqueuse \u00e0 T\u00e9l\u00e9matin sur France 2, Laura Tenoudji-Estrosi, qui collaborait aussi avec La Tribune, devait animer deux tables rondes, \u00ab\u00a0\u00e0 titre b\u00e9n\u00e9vole\u00a0\u00bb selon la ville. <\/p>\n<p>Face \u00e0 la pol\u00e9mique, elle y avait renonc\u00e9, mais l&rsquo;opposition avait relev\u00e9 que M. Estrosi ne s&rsquo;\u00e9tait pas absent\u00e9, malgr\u00e9 le conflit d&rsquo;int\u00e9r\u00eats potentiel, lors du vote d&rsquo;une subvention de 20.000 euros \u00e0 La Tribune pour ce colloque.<\/p>\n<p>Concernant l&rsquo;Eurovision Junior, les doutes portaient en particulier sur le choix de confier \u00e0 Laura Tenoudji la co-animation de la c\u00e9r\u00e9monie d&rsquo;ouverture, malgr\u00e9 un niveau d&rsquo;anglais inf\u00e9rieur aux standards dans ce genre d&rsquo;\u00e9missions internationales.<\/p>\n<p>La justice doit v\u00e9rifier si ce choix relevait d&rsquo;une d\u00e9cision interne \u00e0 France T\u00e9l\u00e9visions ou s&rsquo;il avait fait l&rsquo;objet d&rsquo;un accord explicite ou implicite lors des n\u00e9gociations avec la ville.<\/p>\n<p>Nice a en effet vers\u00e9 une importante subvention &#8211; 605.000 euros selon Mediapart &#8211; pour l&rsquo;organisation de ce concours de chant, au long duquel la ville et la m\u00e9tropole ont \u00e9t\u00e9 particuli\u00e8rement mises en valeur.<\/p>\n","protected":false},"excerpt":{"rendered":"\u00ab\u00a0A l&rsquo;issue des r\u00e9ponses que Christian Estrosi a apport\u00e9es, il a \u00e9t\u00e9 d\u00e9cid\u00e9 de lever la mesure sans&hellip;\n","protected":false},"author":2,"featured_media":217142,"comment_status":"","ping_status":"","sticky":false,"template":"","format":"standard","meta":{"footnotes":""},"categories":[2819],"tags":[17,1111,11,35665,1777,674,1011,27,329,23847,35666,12,2401,9640,471,882,25,13373],"class_list":{"0":"post-217141","1":"post","2":"type-post","3":"status-publish","4":"format-standard","5":"has-post-thumbnail","7":"category-nice","8":"tag-17","9":"tag-actu","10":"tag-actualites","11":"tag-devenements","12":"tag-eu","13":"tag-europe","14":"tag-fr","15":"tag-france","16":"tag-france-monde","17":"tag-gardes","18":"tag-levees","19":"tag-news","20":"tag-nice","21":"tag-organisation","22":"tag-pour","23":"tag-provence-alpes-cote-dazur","24":"tag-republique-francaise","25":"tag-vue"},"share_on_mastodon":{"url":"https:\/\/pubeurope.com\/@fr\/114775661208360258","error":""},"_links":{"self":[{"href":"https:\/\/www.europesays.com\/fr\/wp-json\/wp\/v2\/posts\/217141","targetHints":{"allow":["GET"]}}],"collection":[{"href":"https:\/\/www.europesays.com\/fr\/wp-json\/wp\/v2\/posts"}],"about":[{"href":"https:\/\/www.europesays.com\/fr\/wp-json\/wp\/v2\/types\/post"}],"author":[{"embeddable":true,"href":"https:\/\/www.europesays.com\/fr\/wp-json\/wp\/v2\/users\/2"}],"replies":[{"embeddable":true,"href":"https:\/\/www.europesays.com\/fr\/wp-json\/wp\/v2\/comments?post=217141"}],"version-history":[{"count":0,"href":"https:\/\/www.europesays.com\/fr\/wp-json\/wp\/v2\/posts\/217141\/revisions"}],"wp:featuredmedia":[{"embeddable":true,"href":"https:\/\/www.europesays.com\/fr\/wp-json\/wp\/v2\/media\/217142"}],"wp:attachment":[{"href":"https:\/\/www.europesays.com\/fr\/wp-json\/wp\/v2\/media?parent=217141"}],"wp:term":[{"taxonomy":"category","embeddable":true,"href":"https:\/\/www.europesays.com\/fr\/wp-json\/wp\/v2\/categories?post=217141"},{"taxonomy":"post_tag","embeddable":true,"href":"https:\/\/www.europesays.com\/fr\/wp-json\/wp\/v2\/tags?post=217141"}],"curies":[{"name":"wp","href":"https:\/\/api.w.org\/{rel}","templated":true}]}}