{"id":217143,"date":"2025-07-01T02:39:18","date_gmt":"2025-07-01T02:39:18","guid":{"rendered":"https:\/\/www.europesays.com\/fr\/217143\/"},"modified":"2025-07-01T02:39:18","modified_gmt":"2025-07-01T02:39:18","slug":"la-situation-est-invivable-entre-surpopulation-et-canicule-les-prisons-suffoquent","status":"publish","type":"post","link":"https:\/\/www.europesays.com\/fr\/217143\/","title":{"rendered":"\u00ab\u00a0La situation est invivable\u00a0\u00bb\u00a0: entre surpopulation et canicule, les prisons suffoquent"},"content":{"rendered":"<p class=\"paragraph text_align_left lp-f-body-02\">Les syndicats tirent la sonnette d\u2019alarme. Les prisons fran\u00e7aises, souvent v\u00e9tustes et inadapt\u00e9es au changement climatique, suffoquent. La <a href=\"https:\/\/www.leparisien.fr\/meteo\/canicule-16-departements-dont-ceux-dile-de-france-basculent-mardi-en-vigilance-rouge-30-06-2025-6J25RZLSJBDNTILJCB7IMNLYO4.php\" target=\"_blank\" rel=\"noreferrer nofollow noopener\">canicule<\/a> constitue avec la surpopulation end\u00e9mique un cocktail explosif, s\u2019inqui\u00e8tent ce lundi 30\u00a0juin des syndicats.<\/p>\n<p class=\"paragraph text_align_left lp-f-body-02\">Le plan canicule est appliqu\u00e9 depuis \u00ab\u00a0la fin de semaine derni\u00e8re\u00a0\u00bb dans \u00ab\u00a0l\u2019ensemble des prisons fran\u00e7aises\u00a0\u00bb, selon le minist\u00e8re de la Justice.<\/p>\n<p>\u00ab\u00a0La surpopulation carc\u00e9rale rend tout plus compliqu\u00e9\u00a0\u00bb<\/p>\n<p class=\"paragraph text_align_left lp-f-body-02\">Mais ce plan \u00ab\u00a0ne r\u00e9sout pas la vraie question\u00a0: la surpopulation\u00a0\u00bb avec des d\u00e9tenus parfois \u00e0 quatre par cellule, estime Jean-Fran\u00e7ois Fogliarino, secr\u00e9taire g\u00e9n\u00e9ral du Syndicat national des directeurs p\u00e9nitentiaires (SNDP-CFDT).<\/p>\n<p class=\"paragraph text_align_left lp-f-body-02\">\u00ab\u00a0On sait g\u00e9rer la canicule, la surpopulation moins. La situation est invivable\u00a0\u00bb, dit-il, en particulier dans \u00ab\u00a0les maisons d\u2019arr\u00eat en centre-ville qui ne sont pas \u00e9quip\u00e9es en clim\u00a0\u00bb et o\u00f9 \u00ab\u00a0c\u2019est encore pire\u00a0\u00bb d\u2019\u00eatre deux ou trois par cellule \u00e0 dormir entass\u00e9 sur des matelas.<\/p>\n<p class=\"paragraph text_align_left lp-f-body-02\">\u00ab\u00a0La surpopulation carc\u00e9rale rend tout plus compliqu\u00e9, tout est embolis\u00e9, tout est plus lent\u00a0\u00bb, ajoute-t-il.<\/p>\n<p class=\"paragraph text_align_left lp-f-body-02\">\u00ab\u00a0Le manque de personnel, la conjonction de la surpopulation et de la canicule est un cocktail tr\u00e8s d\u00e9tonant\u00a0\u00bb, r\u00e9sume pour sa part Wilfried Fonck, secr\u00e9taire national Ufap Unsa Justice.<\/p>\n<p>Une densit\u00e9 carc\u00e9rale de 135\u00a0%<\/p>\n<p class=\"paragraph text_align_left lp-f-body-02\">Selon les derniers chiffres du minist\u00e8re de la Justice, au 1er\u00a0juin 2025, 84\u00a0447 personnes, un record, \u00e9taient d\u00e9tenues pour 62\u00a0566 places, soit une densit\u00e9 carc\u00e9rale globale de 135\u00a0%. La densit\u00e9 carc\u00e9rale d\u00e9passait m\u00eame les 200\u00a0% dans 23 \u00e9tablissements ou quartiers p\u00e9nitentiaires.<\/p>\n<p class=\"paragraph text_align_left lp-f-body-02\">Au total, l\u2019administration p\u00e9nitentiaire \u00ab\u00a0recense, en surface de plancher, 3,5\u00a0millions de m\u00b2 sur 387 sites\u00a0\u00bb. Or, ce patrimoine est \u00ab\u00a0tr\u00e8s h\u00e9t\u00e9rog\u00e8ne\u00a0\u00bb, dit-elle, notamment en termes d\u2019architecture et de p\u00e9riode de construction, ce qui la rend \u00ab\u00a0vuln\u00e9rable au changement climatique\u00a0\u00bb.<\/p>\n<p class=\"paragraph text_align_left lp-f-body-02\">La chaleur \u00ab\u00a0exacerbe les frustrations et les tensions existantes\u00a0\u00bb et donc \u00ab\u00a0il faut faire en sorte de d\u00e9miner le terrain pour \u00e9viter que les choses d\u00e9g\u00e9n\u00e8rent plus que d\u2019habitude\u00a0\u00bb, commente aupr\u00e8s de l\u2019AFP Wilfried Fonck. Selon lui le nombre d\u2019incidents et d\u2019agressions a augment\u00e9 depuis le d\u00e9but de la vague de fortes chaleurs.<\/p>\n<p>Plus de douches, les horaires de promenades d\u00e9cal\u00e9s<\/p>\n<p class=\"paragraph text_align_left lp-f-body-02\">Du c\u00f4t\u00e9 du personnel, les conditions de travail s\u2019aggravent du fait des uniformes, des gilets pare-lames et de la difficult\u00e9 selon les \u00e9tablissements \u00e0 trouver des points d\u2019eau.<\/p>\n<p class=\"paragraph text_align_left lp-f-body-02\">Pour tenter de soulager les difficult\u00e9s, l\u2019administration p\u00e9nitentiaire active plusieurs leviers. Parmi eux un \u00ab\u00a0acc\u00e8s \u00e0 la douche favoris\u00e9, au-del\u00e0 du nombre de douches hebdomadaires pr\u00e9vu par la r\u00e9glementation, en fonction des emplois du temps de journ\u00e9e et de la configuration des locaux\u00a0\u00bb.<\/p>\n<p class=\"paragraph text_align_left lp-f-body-02\">Elle pr\u00e9voit aussi de \u00ab\u00a0d\u00e9caler les horaires de promenades et s\u00e9ances de sport en d\u00e9but de matin\u00e9e et en fin d\u2019apr\u00e8s-midi dans la mesure du possible\u00a0\u00bb.<\/p>\n<p class=\"paragraph text_align_left lp-f-body-02\">Le ministre de la Justice G\u00e9rald Darmanin, qui doit s\u2019entretenir lundi en fin de journ\u00e9e avec les directeurs de prisons et le directeur de l\u2019administration p\u00e9nitentiaire, a indiqu\u00e9 que l\u2019une des pistes \u00e9tait de transf\u00e9rer des d\u00e9tenus \u00ab\u00a0qui sont aujourd\u2019hui dans des lieux sursatur\u00e9s\u00a0\u00bb, dans le Sud-Ouest par exemple, vers un \u00ab\u00a0endroit o\u00f9 il y a moins de saturation\u00a0\u00bb, comme le Grand Est.<\/p>\n<p class=\"paragraph text_align_left lp-f-body-02\">\u00ab\u00a0Il y a plusieurs centaines de personnes qui sont concern\u00e9es (par ces transferts) depuis jeudi\u00a0\u00bb, a-t-il d\u00e9clar\u00e9 \u00e0 la presse.<\/p>\n","protected":false},"excerpt":{"rendered":"Les syndicats tirent la sonnette d\u2019alarme. Les prisons fran\u00e7aises, souvent v\u00e9tustes et inadapt\u00e9es au changement climatique, suffoquent. La&hellip;\n","protected":false},"author":2,"featured_media":217144,"comment_status":"","ping_status":"","sticky":false,"template":"","format":"standard","meta":{"footnotes":""},"categories":[2818],"tags":[1111,11,459,1777,674,118,1011,27,6658,766,12,2636,25],"class_list":{"0":"post-217143","1":"post","2":"type-post","3":"status-publish","4":"format-standard","5":"has-post-thumbnail","7":"category-nantes","8":"tag-actu","9":"tag-actualites","10":"tag-departements-horsidfo","11":"tag-eu","12":"tag-europe","13":"tag-faits-divers","14":"tag-fr","15":"tag-france","16":"tag-gironde-33","17":"tag-nantes","18":"tag-news","19":"tag-pays-de-la-loire","20":"tag-republique-francaise"},"share_on_mastodon":{"url":"https:\/\/pubeurope.com\/@fr\/114775665110335156","error":""},"_links":{"self":[{"href":"https:\/\/www.europesays.com\/fr\/wp-json\/wp\/v2\/posts\/217143","targetHints":{"allow":["GET"]}}],"collection":[{"href":"https:\/\/www.europesays.com\/fr\/wp-json\/wp\/v2\/posts"}],"about":[{"href":"https:\/\/www.europesays.com\/fr\/wp-json\/wp\/v2\/types\/post"}],"author":[{"embeddable":true,"href":"https:\/\/www.europesays.com\/fr\/wp-json\/wp\/v2\/users\/2"}],"replies":[{"embeddable":true,"href":"https:\/\/www.europesays.com\/fr\/wp-json\/wp\/v2\/comments?post=217143"}],"version-history":[{"count":0,"href":"https:\/\/www.europesays.com\/fr\/wp-json\/wp\/v2\/posts\/217143\/revisions"}],"wp:featuredmedia":[{"embeddable":true,"href":"https:\/\/www.europesays.com\/fr\/wp-json\/wp\/v2\/media\/217144"}],"wp:attachment":[{"href":"https:\/\/www.europesays.com\/fr\/wp-json\/wp\/v2\/media?parent=217143"}],"wp:term":[{"taxonomy":"category","embeddable":true,"href":"https:\/\/www.europesays.com\/fr\/wp-json\/wp\/v2\/categories?post=217143"},{"taxonomy":"post_tag","embeddable":true,"href":"https:\/\/www.europesays.com\/fr\/wp-json\/wp\/v2\/tags?post=217143"}],"curies":[{"name":"wp","href":"https:\/\/api.w.org\/{rel}","templated":true}]}}