{"id":217146,"date":"2025-07-01T02:41:11","date_gmt":"2025-07-01T02:41:11","guid":{"rendered":"https:\/\/www.europesays.com\/fr\/217146\/"},"modified":"2025-07-01T02:41:11","modified_gmt":"2025-07-01T02:41:11","slug":"bilan-tres-positif-pour-le-mois-de-la-collecte-numerique-2025-dans-la-metropole-bordelaise","status":"publish","type":"post","link":"https:\/\/www.europesays.com\/fr\/217146\/","title":{"rendered":"Bilan tr\u00e8s positif pour le Mois de la collecte num\u00e9rique 2025 dans la m\u00e9tropole bordelaise"},"content":{"rendered":"<p><img decoding=\"async\" class=\"\" style=\"width:100%\" src=\"https:\/\/www.europesays.com\/fr\/wp-content\/uploads\/2025\/07\/COLLECTE_NUMERIQUE_1_scaled1751296660730.jpg\" alt=\"Un point de collecte num\u00e9rique en mars dernier\"\/><\/p>\n<p>Un point de collecte num\u00e9rique en mars dernier<\/p>\n<p>Cr\u00e9dit : Mairie Martignas-sur-Jalles<\/p>\n<p>En mars dernier, vous avez peut-\u00eatre fait le m\u00e9nage dans vos placards. \u00c0 l&rsquo;occasion de la seconde \u00e9dition du Mois de la collecte num\u00e9rique, <a href=\"https:\/\/www.bordeaux-metropole.fr\" rel=\"noopener nofollow\" target=\"_blank\">Bordeaux M\u00e9tropole<\/a> avait install\u00e9 dans de nombreux lieux de la m\u00e9tropole des bacs pour y d\u00e9poser ses \u00e9quipements \u00e9lectriques et \u00e9lectroniques, pour pouvoir les revaloriser.<\/p>\n<p>Un bilan tr\u00e8s positif selon Bordeaux M\u00e9tropole<\/p>\n<p>Pas moins de 12 000 \u00e9quipements ont \u00e9t\u00e9 collect\u00e9s sur pas moins de 56 points d&rsquo;apports. Soit 31 tonnes d&rsquo;\u00e9quipements, soit trois tonnes de plus que lors de la premi\u00e8re \u00e9dition en 2024.<\/p>\n<p>Parmi les \u00e9quipements collect\u00e9s, on compte 3 373 smartphones, 2 664 ordinateurs, \u00e9crans, tablettes, serveurs et unit\u00e9s centrales et 1453 petits appareils m\u00e9nagers.<\/p>\n<p>Sur l&rsquo;ensemble de ces appareils, 2000 seront reconditionn\u00e9s dans des entreprises sp\u00e9cialis\u00e9es pour permettre de prolonger leur dur\u00e9e de vie. Le reste sera recycl\u00e9 pour \u00eatre transform\u00e9 en nouvelles ressources.<\/p>\n<p>\u00a0<\/p>\n<p>\u00a0Que faire de ses appareils \u00e9lectroniques et \u00e9lectriques que l&rsquo;on ne veut plus ?<\/p>\n<p>Plusieurs solutions : des bacs sont mis \u00e0 disposition dans les diff\u00e9rentes d\u00e9chetteries de Bordeaux M\u00e9tropole. Vous pouvez retrouver toutes les infos <a href=\"https:\/\/www.bordeaux-metropole.fr\/a-votre-service\/services-aux-particuliers\/gerer-reduire-mes-dechets\/je-trie-mes-dechets\/jeter-mes?query=Petit%20appareil%20\u00e9lectrom\u00e9nager#:~:text=Bornes%20de%20collecte-,Vous%20pouvez%20apporter%20vos%20objets%20\u00e9lectroniques%20dans%20des%20bornes%20de,(grandes%20ou%20moyennes%20surfaces).&amp;text=Ce%20d\u00e9chet%20est%20\u00e0%20mettre,pas%20dans%20un%20sac%20poubelle%20!\" rel=\"noopener nofollow\" target=\"_blank\">ici<\/a>.<\/p>\n<p>Il est aussi possible de se rendre en ressourcerie ou alors s&rsquo;adresser \u00e0 des associations type Emma\u00fcs ou autres qui revaloriseront vos objets tout en permettant la r\u00e9insertion de personnes \u00e9loign\u00e9es du monde du travail.<\/p>\n<p>\u00a0<\/p>\n","protected":false},"excerpt":{"rendered":"Un point de collecte num\u00e9rique en mars dernier Cr\u00e9dit : Mairie Martignas-sur-Jalles En mars dernier, vous avez peut-\u00eatre&hellip;\n","protected":false},"author":2,"featured_media":217147,"comment_status":"","ping_status":"","sticky":false,"template":"","format":"standard","meta":{"footnotes":""},"categories":[2817],"tags":[1111,11,1997,2904,10957,35667,15859,1777,674,1011,27,2905,35669,12,2219,35668,25,725,6350],"class_list":{"0":"post-217146","1":"post","2":"type-post","3":"status-publish","4":"format-standard","5":"has-post-thumbnail","7":"category-bordeaux","8":"tag-actu","9":"tag-actualites","10":"tag-bordeaux","11":"tag-bordeaux-metropole","12":"tag-collecte","13":"tag-collecte-numerique","14":"tag-ecran","15":"tag-eu","16":"tag-europe","17":"tag-fr","18":"tag-france","19":"tag-gironde","20":"tag-imprimante","21":"tag-news","22":"tag-nouvelle-aquitaine","23":"tag-ordinateur","24":"tag-republique-francaise","25":"tag-tablette","26":"tag-telephone-portable"},"share_on_mastodon":{"url":"https:\/\/pubeurope.com\/@fr\/114775673031687287","error":""},"_links":{"self":[{"href":"https:\/\/www.europesays.com\/fr\/wp-json\/wp\/v2\/posts\/217146","targetHints":{"allow":["GET"]}}],"collection":[{"href":"https:\/\/www.europesays.com\/fr\/wp-json\/wp\/v2\/posts"}],"about":[{"href":"https:\/\/www.europesays.com\/fr\/wp-json\/wp\/v2\/types\/post"}],"author":[{"embeddable":true,"href":"https:\/\/www.europesays.com\/fr\/wp-json\/wp\/v2\/users\/2"}],"replies":[{"embeddable":true,"href":"https:\/\/www.europesays.com\/fr\/wp-json\/wp\/v2\/comments?post=217146"}],"version-history":[{"count":0,"href":"https:\/\/www.europesays.com\/fr\/wp-json\/wp\/v2\/posts\/217146\/revisions"}],"wp:featuredmedia":[{"embeddable":true,"href":"https:\/\/www.europesays.com\/fr\/wp-json\/wp\/v2\/media\/217147"}],"wp:attachment":[{"href":"https:\/\/www.europesays.com\/fr\/wp-json\/wp\/v2\/media?parent=217146"}],"wp:term":[{"taxonomy":"category","embeddable":true,"href":"https:\/\/www.europesays.com\/fr\/wp-json\/wp\/v2\/categories?post=217146"},{"taxonomy":"post_tag","embeddable":true,"href":"https:\/\/www.europesays.com\/fr\/wp-json\/wp\/v2\/tags?post=217146"}],"curies":[{"name":"wp","href":"https:\/\/api.w.org\/{rel}","templated":true}]}}