{"id":217156,"date":"2025-07-01T02:47:13","date_gmt":"2025-07-01T02:47:13","guid":{"rendered":"https:\/\/www.europesays.com\/fr\/217156\/"},"modified":"2025-07-01T02:47:13","modified_gmt":"2025-07-01T02:47:13","slug":"critiquee-la-mairie-de-marseille-promet-au-moins-10-piscines-ouvertes-cet-ete","status":"publish","type":"post","link":"https:\/\/www.europesays.com\/fr\/217156\/","title":{"rendered":"Critiqu\u00e9e, la mairie de Marseille promet au moins 10 piscines ouvertes cet \u00e9t\u00e9"},"content":{"rendered":"<p>\u00ab\u00a0Si nous devons d\u00e9cider d\u2019ouvrir certaines piscines normalement ferm\u00e9es cet \u00e9t\u00e9, nous le ferons.\u00a0\u00bb Une G\u00e9n\u00e9ration pour Marseille a pris <a href=\"https:\/\/www.laprovence.com\/article\/region\/2490483180658415\/a-marseille-des-piscines-gratuites-comme-refuge-contre-la-canicule\" target=\"_blank\" rel=\"noopener\">la premi\u00e8re adjointe \u00e0 la sant\u00e9 Mich\u00e8le Rubirola (EELV) au mot<\/a>. Dans un communiqu\u00e9, le collectif d\u2019opposants de droite r\u00e9clame \u00e0 la mairie de Marseille d\u2019augmenter le nombre de piscines ouvertes cet \u00e9t\u00e9. \u00ab\u00a0Comment accepter que la mairie pr\u00e9voie la fermeture au public de 9 de nos\u00a014 piscines municipales pendant le mois d\u2019ao\u00fbt\u00a0?\u00a0\u00bb, interrogent-ils.<\/p>\n<p>Dans une r\u00e9ponse \u00e9crite \u00e0 La Provence, la Ville de Marseille assure au contraire qu\u2019au mois d\u2019ao\u00fbt, 10 des 14 piscines de la ville seront accessibles. Les huit bassins couverts seront ouverts de 10\u00a0h \u00e0 14\u00a0h et de 15\u00a0h \u00e0 19\u00a0h 30 d\u00e8s ce lundi 30\u00a0juin et jusqu\u2019au 31\u00a0ao\u00fbt\u00a0; les deux autres sont ouverts tous les jours de 10\u00a0h \u00e0 19\u00a0h\u00a030.<\/p>\n<p>Des bassins mobiles d\u00e8s le 7\u00a0juillet<\/p>\n<p>Dans les quartiers Nord, <a href=\"https:\/\/www.laprovence.com\/article\/region\/98870691101098\/prives-de-bus-apres-21h-les-habitants-du-quartier-de-la-solidarite-denoncent-un-couvre-feu-force\" target=\"_blank\" rel=\"noopener\">le collectif d\u2019habitants KGBS (Kalliste-Grani\u00e8re-Bourrely-Solidarit\u00e9)<\/a> est dans une temporalit\u00e9 beaucoup plus rapide. Tout en saluant le dispositif de <a href=\"https:\/\/www.laprovence.com\/article\/region\/42396486409562\/plan-canicule-a-marseille-les-piscines-municipales-seront-gratuites-ce-vendredi-27-juin\" target=\"_blank\" rel=\"noopener\">gratuit\u00e9 d\u2019acc\u00e8s aux bassins publics<\/a> d\u00e9cid\u00e9 par la Ville de Marseille, il s\u2019inqui\u00e8te dans un communiqu\u00e9\u00a0: \u00ab\u00a0Plusieurs piscines restent ferm\u00e9es\u00a0: La Busserine (14e), Saint-Joseph (14e), La Martine (15e)\u2026\u00a0\u00bb<\/p>\n<p>Les membres du collectif demandent \u00ab\u00a0des explications sur les raisons de ces fermetures dans les quartiers Nord\u00a0\u00bb et \u00ab\u00a0la r\u00e9ouverture urgente des piscines concern\u00e9es, au m\u00eame titre que dans d\u2019autres secteurs de la ville\u00a0\u00bb.<\/p>\n<p>Dans une r\u00e9ponse globale, la Ville de Marseille comptabilise 11\u00a0bassins ouverts en juillet et 10 en ao\u00fbt (dont la piscine Saint-Joseph). Elle met \u00e9galement en avant les \u00ab\u00a0quatre bassins mobiles temporaires\u00a0\u00bb qui seront install\u00e9s \u00e0 partir du 7\u00a0juillet dans les 3e, 8e, 13e et 16e arrondissements et destin\u00e9s \u00e0 l\u2019apprentissage de la nage pour les 4-12\u00a0ans.<\/p>\n","protected":false},"excerpt":{"rendered":"\u00ab\u00a0Si nous devons d\u00e9cider d\u2019ouvrir certaines piscines normalement ferm\u00e9es cet \u00e9t\u00e9, nous le ferons.\u00a0\u00bb Une G\u00e9n\u00e9ration pour Marseille&hellip;\n","protected":false},"author":2,"featured_media":217157,"comment_status":"","ping_status":"","sticky":false,"template":"","format":"standard","meta":{"footnotes":""},"categories":[2814],"tags":[17,1111,11,21114,1777,674,1011,27,5415,884,379,12,18729,18812,316,6040,882,25],"class_list":{"0":"post-217156","1":"post","2":"type-post","3":"status-publish","4":"format-standard","5":"has-post-thumbnail","7":"category-marseille","8":"tag-17","9":"tag-actu","10":"tag-actualites","11":"tag-critiquee","12":"tag-eu","13":"tag-europe","14":"tag-fr","15":"tag-france","16":"tag-mairie","17":"tag-marseille","18":"tag-moins","19":"tag-news","20":"tag-ouvertes","21":"tag-piscines","22":"tag-politique","23":"tag-promet","24":"tag-provence-alpes-cote-dazur","25":"tag-republique-francaise"},"share_on_mastodon":{"url":"https:\/\/pubeurope.com\/@fr\/114775696716568202","error":""},"_links":{"self":[{"href":"https:\/\/www.europesays.com\/fr\/wp-json\/wp\/v2\/posts\/217156","targetHints":{"allow":["GET"]}}],"collection":[{"href":"https:\/\/www.europesays.com\/fr\/wp-json\/wp\/v2\/posts"}],"about":[{"href":"https:\/\/www.europesays.com\/fr\/wp-json\/wp\/v2\/types\/post"}],"author":[{"embeddable":true,"href":"https:\/\/www.europesays.com\/fr\/wp-json\/wp\/v2\/users\/2"}],"replies":[{"embeddable":true,"href":"https:\/\/www.europesays.com\/fr\/wp-json\/wp\/v2\/comments?post=217156"}],"version-history":[{"count":0,"href":"https:\/\/www.europesays.com\/fr\/wp-json\/wp\/v2\/posts\/217156\/revisions"}],"wp:featuredmedia":[{"embeddable":true,"href":"https:\/\/www.europesays.com\/fr\/wp-json\/wp\/v2\/media\/217157"}],"wp:attachment":[{"href":"https:\/\/www.europesays.com\/fr\/wp-json\/wp\/v2\/media?parent=217156"}],"wp:term":[{"taxonomy":"category","embeddable":true,"href":"https:\/\/www.europesays.com\/fr\/wp-json\/wp\/v2\/categories?post=217156"},{"taxonomy":"post_tag","embeddable":true,"href":"https:\/\/www.europesays.com\/fr\/wp-json\/wp\/v2\/tags?post=217156"}],"curies":[{"name":"wp","href":"https:\/\/api.w.org\/{rel}","templated":true}]}}