{"id":217160,"date":"2025-07-01T02:49:12","date_gmt":"2025-07-01T02:49:12","guid":{"rendered":"https:\/\/www.europesays.com\/fr\/217160\/"},"modified":"2025-07-01T02:49:12","modified_gmt":"2025-07-01T02:49:12","slug":"une-prison-modulaire-livree-dici-2027-pres-de-lyon","status":"publish","type":"post","link":"https:\/\/www.europesays.com\/fr\/217160\/","title":{"rendered":"une prison modulaire livr\u00e9e d\u2019ici 2027 pr\u00e8s de Lyon"},"content":{"rendered":"<p itemprop=\"description\"><strong>Le minist\u00e8re de la Justice a confirm\u00e9 ce lundi l\u2019implantation d\u2019une prison modulaire sur le site p\u00e9nitentiaire de Saint-Quentin-Fallavier (Is\u00e8re), au c\u0153ur d\u2019une premi\u00e8re vague de 17 \u00e9tablissements du m\u00eame type r\u00e9partis en France.<\/strong><\/p>\n<p>Ces nouvelles unit\u00e9s, construites \u00ab\u00a0en usine\u00a0\u00bb puis assembl\u00e9es sur place, visent \u00e0 r\u00e9pondre \u00e0 l\u2019urgence de la surpopulation carc\u00e9rale. Pour rappel, en mai dernier, la France comptait 83 681 d\u00e9tenus pour seulement 62 570 places, avec une densit\u00e9 record de 163 % dans les maisons d\u2019arr\u00eat.<\/p>\n<p>Install\u00e9e sur le domaine p\u00e9nitentiaire existant, la structure sera de taille r\u00e9duite \u2013 entre 50 et 100 places \u2013 et livr\u00e9e d\u2019ici 2027. Elle sera b\u00e2tie en b\u00e9ton arm\u00e9 selon un processus industrialis\u00e9, garantissant \u00ab\u00a0les m\u00eames standards de solidit\u00e9 et de fonctionnement\u00a0\u00bb que les prisons classiques, indique le minist\u00e8re.<\/p>\n<p>La construction hors site, encadr\u00e9e par un cahier des charges simplifi\u00e9, doit permettre de r\u00e9duire les d\u00e9lais \u00e0 18 mois et de diviser par deux les co\u00fbts : environ 200 000 euros par place contre 400 000 pour une prison traditionnelle.\u00a0<\/p>\n<p>Un second appel d\u2019offres est pr\u00e9vu d\u00e8s le mois prochain pour 1 500 nouvelles places modulaires.<\/p>\n","protected":false},"excerpt":{"rendered":"Le minist\u00e8re de la Justice a confirm\u00e9 ce lundi l\u2019implantation d\u2019une prison modulaire sur le site p\u00e9nitentiaire de&hellip;\n","protected":false},"author":2,"featured_media":217161,"comment_status":"","ping_status":"","sticky":false,"template":"","format":"standard","meta":{"footnotes":""},"categories":[1889],"tags":[1111,11,2813,2190,2430,1109,251,1112,2811,1777,674,118,1011,27,1922,1110,1114,2428,2810,12,241,316,25,2812,517,800],"class_list":{"0":"post-217160","1":"post","2":"type-post","3":"status-publish","4":"format-standard","5":"has-post-thumbnail","7":"category-lyon","8":"tag-actu","9":"tag-actualites","10":"tag-article","11":"tag-asvel","12":"tag-auvergne-rhone-alpes","13":"tag-breves","14":"tag-culture","15":"tag-depeches","16":"tag-economique","17":"tag-eu","18":"tag-europe","19":"tag-faits-divers","20":"tag-fr","21":"tag-france","22":"tag-info","23":"tag-informations","24":"tag-infos","25":"tag-lyon","26":"tag-lyonmag","27":"tag-news","28":"tag-ol","29":"tag-politique","30":"tag-republique-francaise","31":"tag-sociale","32":"tag-sport","33":"tag-transports"},"share_on_mastodon":{"url":"https:\/\/pubeurope.com\/@fr\/114775704412176731","error":""},"_links":{"self":[{"href":"https:\/\/www.europesays.com\/fr\/wp-json\/wp\/v2\/posts\/217160","targetHints":{"allow":["GET"]}}],"collection":[{"href":"https:\/\/www.europesays.com\/fr\/wp-json\/wp\/v2\/posts"}],"about":[{"href":"https:\/\/www.europesays.com\/fr\/wp-json\/wp\/v2\/types\/post"}],"author":[{"embeddable":true,"href":"https:\/\/www.europesays.com\/fr\/wp-json\/wp\/v2\/users\/2"}],"replies":[{"embeddable":true,"href":"https:\/\/www.europesays.com\/fr\/wp-json\/wp\/v2\/comments?post=217160"}],"version-history":[{"count":0,"href":"https:\/\/www.europesays.com\/fr\/wp-json\/wp\/v2\/posts\/217160\/revisions"}],"wp:featuredmedia":[{"embeddable":true,"href":"https:\/\/www.europesays.com\/fr\/wp-json\/wp\/v2\/media\/217161"}],"wp:attachment":[{"href":"https:\/\/www.europesays.com\/fr\/wp-json\/wp\/v2\/media?parent=217160"}],"wp:term":[{"taxonomy":"category","embeddable":true,"href":"https:\/\/www.europesays.com\/fr\/wp-json\/wp\/v2\/categories?post=217160"},{"taxonomy":"post_tag","embeddable":true,"href":"https:\/\/www.europesays.com\/fr\/wp-json\/wp\/v2\/tags?post=217160"}],"curies":[{"name":"wp","href":"https:\/\/api.w.org\/{rel}","templated":true}]}}