{"id":217168,"date":"2025-07-01T02:53:17","date_gmt":"2025-07-01T02:53:17","guid":{"rendered":"https:\/\/www.europesays.com\/fr\/217168\/"},"modified":"2025-07-01T02:53:17","modified_gmt":"2025-07-01T02:53:17","slug":"baignade-a-paris-a-j-6-avant-le-grand-plongeon-dans-la-seine-le-site-de-bercy-emerge","status":"publish","type":"post","link":"https:\/\/www.europesays.com\/fr\/217168\/","title":{"rendered":"Baignade \u00e0 Paris\u00a0: \u00e0 J-6 avant le grand plongeon dans la Seine, le site de Bercy \u00e9merge"},"content":{"rendered":"<p class=\"paragraph text_align_left lp-f-body-02\">Difficile de ne pas \u00eatre tent\u00e9 de piquer une t\u00eate mais malgr\u00e9 le mercure qui grimpe en fl\u00e8che, il va falloir patienter quelques jours encore. Le soleil tape ce lundi midi sur le quai de Bercy \u00e0 Paris (XIIe). Il ne fait \u00ab que \u00bb 34 degr\u00e9s, quand des temp\u00e9ratures au-del\u00e0 de 40 degr\u00e9s sont attendues ces deux prochains jours. Bonne nouvelle, si tout va bien, les Parisiens pourront faire trempette dans le fleuve \u00e0 25 degr\u00e9s d\u00e8s samedi, jour de l\u2019ouverture pr\u00e9vue pour <a href=\"https:\/\/www.leparisien.fr\/paris-75\/paris-la-baignade-dans-la-seine-ouverte-des-le-5-juillet-14-05-2025-G7KZDAQM6JD3BG74EWUCURWYQY.php\" target=\"_self\" rel=\"nofollow noopener\">les trois sites de baignade autoris\u00e9e \u00e0 Paris<\/a>.<\/p>\n<p class=\"paragraph text_align_left lp-f-body-02\">Devant les deux bassins d\u2019eau vive encore en cours d\u2019am\u00e9nagement au pied du parc de Bercy, les micros tendus de la presse nationale et internationale ne ratent pas un mot de l\u2019enthousiasme de Pierre Rabadan. Le monsieur JO, adjoint PS \u00e0 la maire de Paris en charge des sports et de la Seine savoure la promesse bient\u00f4t tenue de rendre le fleuve aux parisiens. Une premi\u00e8re depuis 100 ans pour le grand public avec <a href=\"https:\/\/www.leparisien.fr\/jo-paris-2024\/natation\/jo-paris-2024-les-images-de-lepreuve-feminine-du-10-km-en-eau-libre-dans-la-seine-08-08-2024-C6L6GHNRBVD5JBOBWL33DXV6TE.php\" target=\"_self\" rel=\"nofollow noopener\">les \u00e9preuves en eau vive des athl\u00e8tes des Jeux de Paris<\/a>.<\/p>\n","protected":false},"excerpt":{"rendered":"Difficile de ne pas \u00eatre tent\u00e9 de piquer une t\u00eate mais malgr\u00e9 le mercure qui grimpe en fl\u00e8che,&hellip;\n","protected":false},"author":2,"featured_media":217169,"comment_status":"","ping_status":"","sticky":false,"template":"","format":"standard","meta":{"footnotes":""},"categories":[1888],"tags":[1111,1928,11,1927,1777,674,1011,27,1944,12,1926,626,1925,25],"class_list":{"0":"post-217168","1":"post","2":"type-post","3":"status-publish","4":"format-standard","5":"has-post-thumbnail","7":"category-paris","8":"tag-actu","9":"tag-actu-paris","10":"tag-actualites","11":"tag-actualites-paris","12":"tag-eu","13":"tag-europe","14":"tag-fr","15":"tag-france","16":"tag-ma-ville","17":"tag-news","18":"tag-news-paris","19":"tag-paris","20":"tag-paris-news","21":"tag-republique-francaise"},"share_on_mastodon":{"url":"https:\/\/pubeurope.com\/@fr\/114775720168348144","error":""},"_links":{"self":[{"href":"https:\/\/www.europesays.com\/fr\/wp-json\/wp\/v2\/posts\/217168","targetHints":{"allow":["GET"]}}],"collection":[{"href":"https:\/\/www.europesays.com\/fr\/wp-json\/wp\/v2\/posts"}],"about":[{"href":"https:\/\/www.europesays.com\/fr\/wp-json\/wp\/v2\/types\/post"}],"author":[{"embeddable":true,"href":"https:\/\/www.europesays.com\/fr\/wp-json\/wp\/v2\/users\/2"}],"replies":[{"embeddable":true,"href":"https:\/\/www.europesays.com\/fr\/wp-json\/wp\/v2\/comments?post=217168"}],"version-history":[{"count":0,"href":"https:\/\/www.europesays.com\/fr\/wp-json\/wp\/v2\/posts\/217168\/revisions"}],"wp:featuredmedia":[{"embeddable":true,"href":"https:\/\/www.europesays.com\/fr\/wp-json\/wp\/v2\/media\/217169"}],"wp:attachment":[{"href":"https:\/\/www.europesays.com\/fr\/wp-json\/wp\/v2\/media?parent=217168"}],"wp:term":[{"taxonomy":"category","embeddable":true,"href":"https:\/\/www.europesays.com\/fr\/wp-json\/wp\/v2\/categories?post=217168"},{"taxonomy":"post_tag","embeddable":true,"href":"https:\/\/www.europesays.com\/fr\/wp-json\/wp\/v2\/tags?post=217168"}],"curies":[{"name":"wp","href":"https:\/\/api.w.org\/{rel}","templated":true}]}}