{"id":217170,"date":"2025-07-01T02:54:11","date_gmt":"2025-07-01T02:54:11","guid":{"rendered":"https:\/\/www.europesays.com\/fr\/217170\/"},"modified":"2025-07-01T02:54:11","modified_gmt":"2025-07-01T02:54:11","slug":"emmanuel-gregoire-remporte-la-primaire-socialiste-a-paris-un-desaveu-pour-hidalgo","status":"publish","type":"post","link":"https:\/\/www.europesays.com\/fr\/217170\/","title":{"rendered":"Emmanuel Gr\u00e9goire remporte la primaire socialiste \u00e0 Paris, un d\u00e9saveu pour Hidalgo"},"content":{"rendered":"<p>L\u2019ex-premier adjoint d\u2019Anne Hidalgo a battu ses deux concurrents, R\u00e9mi F\u00e9raud et Marion Waller, \u00e0 l\u2019issue d\u2019un vote des adh\u00e9rents de la f\u00e9d\u00e9ration parisienne du PS.<\/p>\n<p class=\"fig-paragraph\">Un militant lance \u00e0 la petite foule de militants socialistes\u00a0: \u00abAnne Hidalgo a reconnu la victoire d\u2019Emmanuel Gr\u00e9goire!\u00bb. Hourra de joie au pied de la Rotonde Stalingrad lundi soir. \u00abOn revient de loin\u00bb, souffle une cadre socialiste. Quelques instants plus t\u00f4t, peu avant minuit, la f\u00e9d\u00e9ration parisienne du PS venait de confirmer qu\u2019<a href=\"http:\/\/www.lefigaro.fr\/politique\/emmanuel-gregoire-j-ai-une-connaissance-intime-de-paris-et-de-ses-problemes-20250529\" data-fig-type=\"Article\" data-gtm-custom-categorie=\"navigation\" data-gtm-custom-action=\"crossclick\" data-gtm-custom-label=\"Contextuel\" data-gtm-event=\"customEventSPE\" data-fig-domain=\"LEFIGARO\" target=\"_blank\" rel=\"noopener\">Emmanuel Gr\u00e9goire<\/a>\u00a0avait remport\u00e9 la primaire socialiste avec 52,61% des voix (807 voix), contre 44,33% pour R\u00e9mi F\u00e9raud (680 voix) et 3% pour\u00a0<a href=\"http:\/\/www.lefigaro.fr\/politique\/municipales-2026-marion-waller-la-candidate-inattendue-de-la-primaire-du-ps-a-paris-20250627\" data-fig-type=\"Article\" data-gtm-custom-categorie=\"navigation\" data-gtm-custom-action=\"crossclick\" data-gtm-custom-label=\"Contextuel\" data-gtm-event=\"customEventSPE\" data-fig-domain=\"LEFIGARO\" target=\"_blank\" rel=\"noopener\">Marion Waller<\/a>\u00a0(46 voix).<\/p>\n<p class=\"fig-paragraph\">L\u2019ex-premier adjoint obtient donc la t\u00eate de liste des socialistes \u00e0 Paris pour les \u00e9lections municipales de 2026. Il s\u2019offre aussi &#8211; m\u00eame s\u2019il ne le dit pas &#8211; une belle revanche sur\u00a0<a href=\"https:\/\/www.lefigaro.fr\/tag\/anne-hidalgo\" target=\"_blank\" rel=\"noopener\" data-gtm-custom-categorie=\"navigation\" data-gtm-custom-action=\"crossclick\" data-gtm-custom-label=\"Contextuel\" data-gtm-event=\"customEventSPE\">Anne Hidalgo<\/a>\u00a0au c\u0153ur de cette nuit caniculaire parisienne, \u00e0 l\u2019image de la campagne\u00a0: \u00e9touffante de bout en bout tant elle a \u00e9t\u00e9 incomprise et fratricide pour les socialistes parisiens.<\/p>\n<p>\u00abIrrationnel\u00bb<\/p>\n<p class=\"fig-paragraph\">Jusqu\u2019\u00e0 la fin, la maire aura men\u00e9 campagne tambour battant contre son ex-premier adjoint, plut\u00f4t appr\u00e9ci\u00e9, et qu\u2019elle avait pourtant pris sous son aile en 2018, lorsqu\u2019il avait succ\u00e9d\u00e9 \u00e0 Bruno Julliard. Longtemps pressenti pour prendre la suite, adoub\u00e9 par l\u2019\u00e9dile en priv\u00e9, Emmanuel Gr\u00e9goire avait fini par tomber en disgr\u00e2ce \u00e0 l\u2019H\u00f4tel de Ville. La maire sortante lui reprochait d\u2019\u00eatre trop press\u00e9, de chercher \u00e0 s\u2019\u00e9manciper trop vite, au point d\u2019\u00e9voquer une \u00abtrahison\u00bb de la part son bras droit.<\/p>\n<p class=\"fig-paragraph\">La tension \u00e9tait devenue telle que son num\u00e9ro 2 avait profit\u00e9 de la dissolution en juin 2024 pour quitter le navire en se faisant \u00e9lire d\u00e9put\u00e9 de Paris. Quelques mois plus tard, alors qu\u2019elle confirme qu\u2019elle ne briguerait pas un troisi\u00e8me mandat, Anne Hidalgo soutient officiellement la candidature de R\u00e9mi F\u00e9raud. Personne ne l\u2019avait vu venir. \u00abC\u2019est irrationnel\u00bb, conc\u00e9dait un proche de la maire.<\/p>\n<p class=\"fig-paragraph\">En coulisses, elle incite les maires d\u2019arrondissement \u00e0 mouiller la chemise pour leur coll\u00e8gue s\u00e9nateur. Lors du dernier d\u00e9bat entre les trois candidats la semaine derni\u00e8re, elle s\u2019invite m\u00eame \u00e0 la tribune pour d\u00e9fendre son poulain. Cela n\u2019aura pas suffi. \u00abJe f\u00e9licite Emmanuel Gr\u00e9goire pour sa d\u00e9signation. Merci \u00e0 R\u00e9mi F\u00e9raud pour sa belle campagne\u00bb, a-t-elle fait savoir dans un tr\u00e8s sobre communiqu\u00e9, quelques instants avant la publication des r\u00e9sultats officiels.<\/p>\n<p class=\"fig-paragraph\">Devant les militants socialistes, et dans un souci d\u2019apaisement, l\u2019ex-premier adjoint a, lui, fait applaudir la maire. \u00abJe remercie Anne Hidalgo. C\u2019est \u00e0 ses c\u00f4t\u00e9s que j\u2019ai appris l\u2019amour de Paris, que j\u2019ai appris que la politique \u00e9tait faite de convictions et de d\u00e9termination. Son soutien sera essentiel pour la suite\u00bb, a-t-il assur\u00e9, tout en affirmant qu\u2019il sera \u00able d\u00e9fenseur de son bilan\u00bb.<\/p>\n<p>\u00abLe plus dur commence\u00bb<\/p>\n<p class=\"fig-paragraph\">Reste \u00e0 savoir quelle sera l\u2019attitude de la maire dans les prochains jours. Jusqu\u2019\u00e0 pr\u00e9sent, Anne Hidalgo a toujours fait savoir qu\u2019elle \u00ab ferait\u00a0\u00bb ce qu\u2019elle \u00abvoudrait\u00bb en cas de victoire d\u2019Emmanuel Gr\u00e9goire \u00e0 la primaire. La d\u00e9faite de R\u00e9mi F\u00e9raud r\u00e9v\u00e8le cependant au grand jour sa faible influence sur la f\u00e9d\u00e9ration socialiste parisienne qu\u2019elle avait pourtant \u00e0 sa cause depuis sa premi\u00e8re \u00e9lection en 2014. Comme un signe du d\u00e9but de la fin du r\u00e8gne qui s\u2019ach\u00e8vera en 2026.<\/p>\n<p class=\"fig-paragraph\">Si la f\u00eate se poursuivait dans la nuit de Paris lundi soir, \u00able plus dur commence\u00bb, de l\u2019aveu d\u2019Emmanuel Gr\u00e9goire. La nouvelle t\u00eate de liste sait qu\u2019elle ne disposera pas d\u2019un boulevard jusqu\u2019\u00e0 l\u2019H\u00f4tel de ville. Sa rivale de droite, Rachida Dati, arrive en t\u00eate des intentions de vote autour des 30% au premier tour. \u00c0 gauche, les \u00e9cologistes, les Insoumis et les socialistes sont tous jaug\u00e9s au coude-\u00e0-coude entre 15% et 20%.<\/p>\n<p class=\"fig-paragraph\">\u00abD\u00e8s demain, nous organiserons le rassemblement de la gauche pour r\u00e9installer le leadership\u00bb, a promis Emmanuel Gr\u00e9goire. \u00abUnit\u00e9, unit\u00e9!\u00bb, ont r\u00e9clam\u00e9 les militants, m\u00eame si le candidat a toujours affirm\u00e9 qu\u2019il refuserait une alliance avec La France Insoumise, au premier comme au second tour. \u00abUne fois qu\u2019on aura r\u00e9ussi \u00e0 rassembler la gauche, nous affronterons la droite, et l\u2019extr\u00eame droite\u00bb, a martel\u00e9 la nouvelle t\u00eate de liste des socialistes.<\/p>\n","protected":false},"excerpt":{"rendered":"L\u2019ex-premier adjoint d\u2019Anne Hidalgo a battu ses deux concurrents, R\u00e9mi F\u00e9raud et Marion Waller, \u00e0 l\u2019issue d\u2019un vote&hellip;\n","protected":false},"author":2,"featured_media":217171,"comment_status":"","ping_status":"","sticky":false,"template":"","format":"standard","meta":{"footnotes":""},"categories":[1888],"tags":[1111,1928,11,1927,2618,426,427,422,423,8186,1777,674,1011,27,418,424,425,420,421,12,1926,419,626,1925,316,429,25,428],"class_list":{"0":"post-217170","1":"post","2":"type-post","3":"status-publish","4":"format-standard","5":"has-post-thumbnail","7":"category-paris","8":"tag-actu","9":"tag-actu-paris","10":"tag-actualites","11":"tag-actualites-paris","12":"tag-anne-hidalgo","13":"tag-candidat","14":"tag-candidats","15":"tag-depute","16":"tag-deputes","17":"tag-emmanuel-gregoire","18":"tag-eu","19":"tag-europe","20":"tag-fr","21":"tag-france","22":"tag-gouvernement","23":"tag-institution","24":"tag-institutions","25":"tag-loi","26":"tag-lois","27":"tag-news","28":"tag-news-paris","29":"tag-opposition","30":"tag-paris","31":"tag-paris-news","32":"tag-politique","33":"tag-ps","34":"tag-republique-francaise","35":"tag-ump"},"share_on_mastodon":{"url":"https:\/\/pubeurope.com\/@fr\/114775724432660907","error":""},"_links":{"self":[{"href":"https:\/\/www.europesays.com\/fr\/wp-json\/wp\/v2\/posts\/217170","targetHints":{"allow":["GET"]}}],"collection":[{"href":"https:\/\/www.europesays.com\/fr\/wp-json\/wp\/v2\/posts"}],"about":[{"href":"https:\/\/www.europesays.com\/fr\/wp-json\/wp\/v2\/types\/post"}],"author":[{"embeddable":true,"href":"https:\/\/www.europesays.com\/fr\/wp-json\/wp\/v2\/users\/2"}],"replies":[{"embeddable":true,"href":"https:\/\/www.europesays.com\/fr\/wp-json\/wp\/v2\/comments?post=217170"}],"version-history":[{"count":0,"href":"https:\/\/www.europesays.com\/fr\/wp-json\/wp\/v2\/posts\/217170\/revisions"}],"wp:featuredmedia":[{"embeddable":true,"href":"https:\/\/www.europesays.com\/fr\/wp-json\/wp\/v2\/media\/217171"}],"wp:attachment":[{"href":"https:\/\/www.europesays.com\/fr\/wp-json\/wp\/v2\/media?parent=217170"}],"wp:term":[{"taxonomy":"category","embeddable":true,"href":"https:\/\/www.europesays.com\/fr\/wp-json\/wp\/v2\/categories?post=217170"},{"taxonomy":"post_tag","embeddable":true,"href":"https:\/\/www.europesays.com\/fr\/wp-json\/wp\/v2\/tags?post=217170"}],"curies":[{"name":"wp","href":"https:\/\/api.w.org\/{rel}","templated":true}]}}