{"id":217176,"date":"2025-07-01T02:58:12","date_gmt":"2025-07-01T02:58:12","guid":{"rendered":"https:\/\/www.europesays.com\/fr\/217176\/"},"modified":"2025-07-01T02:58:12","modified_gmt":"2025-07-01T02:58:12","slug":"zelensky-signe-un-decret-pour-renoncer-a-linterdiction-des-mines-antipersonnel","status":"publish","type":"post","link":"https:\/\/www.europesays.com\/fr\/217176\/","title":{"rendered":"Zelensky signe un d\u00e9cret pour renoncer \u00e0 l&rsquo;interdiction des mines antipersonnel"},"content":{"rendered":"<p class=\"article-p mdl\">Le pr\u00e9sident ukrainien Volodymyr Zelensky a sign\u00e9, ce dimanche 29 juin, un d\u00e9cret officialisant le d\u00e9but du processus de retrait de l\u2019Ukraine de la Convention d\u2019Ottawa, un trait\u00e9 international interdisant l\u2019usage, la production, le stockage et le transfert des\u00a0<a class=\"link\" href=\"https:\/\/www.rtl.fr\/actu\/international\/guerre-en-ukraine-que-sont-les-mines-antipersonnel-utilisees-par-la-russie-7900141537\" title=\"Guerre en Ukraine : que sont les mines antipersonnel utilis\u00e9es par la Russie ?\" rel=\"nofollow noopener\" target=\"_blank\">mines antipersonnel<\/a>. Cette d\u00e9cision, hautement symbolique et controvers\u00e9e, s\u2019inscrit dans un contexte de guerre totale avec la Russie, trois ans apr\u00e8s le d\u00e9but de l\u2019invasion \u00e0 grande \u00e9chelle.<\/p>\n<p>Selon le d\u00e9cret publi\u00e9 sur le site officiel de la pr\u00e9sidence ukrainienne, le retrait repose sur une d\u00e9cision du Conseil national de s\u00e9curit\u00e9 et de d\u00e9fense du 29 juin 2025. Celui-ci marque une rupture avec l\u2019engagement pris par Kiev en 2005, <strong>ann\u00e9e de la ratification du trait\u00e9<\/strong>. Avant d\u2019\u00eatre effectif, ce retrait devra encore \u00eatre approuv\u00e9 par le Parlement ukrainien (la Rada), <strong>puis notifi\u00e9 aux Nations unies.\u00a0<\/strong><\/p>\n<p>            Une entr\u00e9e en vigueur \u00e0 la fin du conflit ?<\/p>\n<p class=\"article-p mdl\">En vertu des r\u00e8gles de la Convention, il n\u2019entrera en vigueur que six mois apr\u00e8s cette notification. Toutefois, si le pays est engag\u00e9 dans un conflit arm\u00e9 \u00e0 l\u2019expiration de ce d\u00e9lai \u2014 ce qui est actuellement le cas \u2014 le retrait ne pourra prendre effet qu\u2019\u00e0 la fin du conflit. Dans son message quotidien, Volodymyr Zelensky a pr\u00e9sent\u00e9 cette initiative comme une \u00ab\u00a0\u00e9tape politique\u00a0\u00bb. Il a aussi vivement d\u00e9nonc\u00e9 l\u2019attitude de la Russie, accusant Moscou de faire preuve de \u00ab\u00a0cynisme extr\u00eame\u00a0\u00bb dans l\u2019usage des mines antipersonnel, qu\u2019il qualifie <strong>de \u00ab\u00a0marque de fabrique des tueurs russes\u00a0\u00bb.<\/strong><\/p>\n<p class=\"article-p mdl\">Le minist\u00e8re ukrainien des Affaires \u00e9trang\u00e8res a, de son c\u00f4t\u00e9, qualifi\u00e9 cette d\u00e9cision de \u00ab\u00a0difficile\u00a0\u00bb, mais \u00ab\u00a0n\u00e9cessaire et proportionn\u00e9e\u00a0\u00bb, au regard de l\u2019agression brutale men\u00e9e par la Russie.\u00a0<a class=\"link\" href=\"https:\/\/www.rtl.fr\/actu\/international\/guerre-en-ukraine-zelensky-denonce-l-une-des-pires-attaques-russes-sur-kiev-7900516521\" title=\"Guerre en Ukraine : Zelensky d\u00e9nonce &quot;l&#039;une des pires attaques russes&quot; sur Kiev\" rel=\"nofollow noopener\" target=\"_blank\">Pour Kiev<\/a>, il s\u2019agit d\u2019un ajustement strat\u00e9gique dans un contexte o\u00f9 l\u2019adversaire n\u2019est li\u00e9 par aucune restriction \u00e9quivalente.<\/p>\n<p class=\"article-p mdl\">Roman Kostenko, d\u00e9put\u00e9 ukrainien et membre de la commission parlementaire sur la s\u00e9curit\u00e9 nationale, a salu\u00e9 ce choix sur Facebook, estimant qu\u2019il s\u2019agissait \u00ab\u00a0d\u2019une mesure que la r\u00e9alit\u00e9 de la guerre exigeait depuis longtemps\u00a0\u00bb. Il a soulign\u00e9 que la Russie, non signataire de la Convention, utilisait les mines contre militaires et civils, alors que l\u2019Ukraine \u00e9tait jusque-l\u00e0 contrainte par ses engagements internationaux.<\/p>\n<p>            Une tendance plus large<\/p>\n<p class=\"article-p mdl\">Ce retrait ukrainien s\u2019inscrit dans une tendance plus large : en mars 2025, plusieurs alli\u00e9s proches de Kiev \u2014 la Lituanie, la Lettonie, l\u2019Estonie et la Pologne \u2014 avaient d\u00e9j\u00e0 annonc\u00e9 leur propre sortie du trait\u00e9. Ces d\u00e9cisions ont suscit\u00e9 l\u2019inqui\u00e9tude\u00a0<a class=\"link\" href=\"https:\/\/www.rtl.fr\/actu\/international\/aide-humanitaire-a-gaza-la-france-prete-a-concourir-a-la-securite-des-distributions-alimentaires-7900520025\" title=\"Aide humanitaire \u00e0 Gaza : la France pr\u00eate \u00e0 &quot;concourir \u00e0 la s\u00e9curit\u00e9 des distributions alimentaires&quot;\" rel=\"nofollow noopener\" target=\"_blank\">d\u2019organisations humanitaires<\/a>, \u00e0 l\u2019instar du Comit\u00e9 international de la Croix-Rouge, <strong>qui avait d\u00e9nonc\u00e9 un \u00ab\u00a0dangereux recul\u00a0\u00bb en mati\u00e8re de protection des civils.<\/strong><\/p>\n<p class=\"article-p mdl\">\n<p>La Convention d\u2019Ottawa, adopt\u00e9e en 1997, a \u00e9t\u00e9 sign\u00e9e par plus de 160 pays. Elle vise \u00e0 \u00e9liminer les mines antipersonnel, qui peuvent rester actives longtemps apr\u00e8s les conflits, tuant ou mutilant des civils et emp\u00eachant la reconstruction des zones touch\u00e9es.\n<\/p>\n<p>    La r\u00e9daction vous recommande<\/p>\n<p class=\"s-newsletter__title\">\n                L\u2019actualit\u00e9 par la r\u00e9daction de RTL dans votre bo\u00eete mail.\n            <\/p>\n<p class=\"s-newsletter__subtitle\">\n                Gr\u00e2ce \u00e0 votre compte RTL abonnez-vous \u00e0 la newsletter RTL info pour suivre toute l&rsquo;actualit\u00e9 au quotidien\n            <\/p>\n<p>\n                                    Lire la suite\n                                <\/p>\n","protected":false},"excerpt":{"rendered":"Le pr\u00e9sident ukrainien Volodymyr Zelensky a sign\u00e9, ce dimanche 29 juin, un d\u00e9cret officialisant le d\u00e9but du processus&hellip;\n","protected":false},"author":2,"featured_media":217177,"comment_status":"","ping_status":"","sticky":false,"template":"","format":"standard","meta":{"footnotes":""},"categories":[1590],"tags":[11,1777,674,107,131,8404,12,132,220],"class_list":{"0":"post-217176","1":"post","2":"type-post","3":"status-publish","4":"format-standard","5":"has-post-thumbnail","7":"category-ukraine","8":"tag-actualites","9":"tag-eu","10":"tag-europe","11":"tag-fil-info","12":"tag-guerre-en-ukraine","13":"tag-mines","14":"tag-news","15":"tag-russie","16":"tag-ukraine"},"share_on_mastodon":{"url":"https:\/\/pubeurope.com\/@fr\/114775740278764510","error":""},"_links":{"self":[{"href":"https:\/\/www.europesays.com\/fr\/wp-json\/wp\/v2\/posts\/217176","targetHints":{"allow":["GET"]}}],"collection":[{"href":"https:\/\/www.europesays.com\/fr\/wp-json\/wp\/v2\/posts"}],"about":[{"href":"https:\/\/www.europesays.com\/fr\/wp-json\/wp\/v2\/types\/post"}],"author":[{"embeddable":true,"href":"https:\/\/www.europesays.com\/fr\/wp-json\/wp\/v2\/users\/2"}],"replies":[{"embeddable":true,"href":"https:\/\/www.europesays.com\/fr\/wp-json\/wp\/v2\/comments?post=217176"}],"version-history":[{"count":0,"href":"https:\/\/www.europesays.com\/fr\/wp-json\/wp\/v2\/posts\/217176\/revisions"}],"wp:featuredmedia":[{"embeddable":true,"href":"https:\/\/www.europesays.com\/fr\/wp-json\/wp\/v2\/media\/217177"}],"wp:attachment":[{"href":"https:\/\/www.europesays.com\/fr\/wp-json\/wp\/v2\/media?parent=217176"}],"wp:term":[{"taxonomy":"category","embeddable":true,"href":"https:\/\/www.europesays.com\/fr\/wp-json\/wp\/v2\/categories?post=217176"},{"taxonomy":"post_tag","embeddable":true,"href":"https:\/\/www.europesays.com\/fr\/wp-json\/wp\/v2\/tags?post=217176"}],"curies":[{"name":"wp","href":"https:\/\/api.w.org\/{rel}","templated":true}]}}