{"id":217190,"date":"2025-07-01T03:05:13","date_gmt":"2025-07-01T03:05:13","guid":{"rendered":"https:\/\/www.europesays.com\/fr\/217190\/"},"modified":"2025-07-01T03:05:13","modified_gmt":"2025-07-01T03:05:13","slug":"audiovisuel-public-la-loi-portee-par-rachida-dati-rejetee-avant-meme-detre-examinee","status":"publish","type":"post","link":"https:\/\/www.europesays.com\/fr\/217190\/","title":{"rendered":"Audiovisuel public\u00a0: la loi port\u00e9e par Rachida Dati rejet\u00e9e avant m\u00eame d\u2019\u00eatre examin\u00e9e"},"content":{"rendered":"<p>Une victoire <a href=\"https:\/\/www.humanite.fr\/medias\/assemblee-nationale\/audiovisuel-public-la-loi-dati-va-t-elle-ressusciter-lortf\" target=\"_blank\" rel=\"noopener\">pour l\u2019audiovisuel public<\/a>. Les d\u00e9put\u00e9s ont approuv\u00e9 largement ce lundi 30\u00a0juin une motion de rejet des \u00e9cologistes sur la r\u00e9forme de l\u2019audiovisuel public, mettant fin pr\u00e9matur\u00e9ment aux d\u00e9bats sur ce projet rejet\u00e9 par les salari\u00e9s concern\u00e9s, en gr\u00e8ve, et dont l\u2019examen a \u00e9t\u00e9 \u00e0 plusieurs reprises repouss\u00e9 dans l\u2019h\u00e9micycle.<\/p>\n<p>94 d\u00e9put\u00e9s ont approuv\u00e9 la motion, contre 38. \u00c0 la surprise g\u00e9n\u00e9rale, le Rassemblement national a joint ses voix \u00e0 celles de la gauche, face aux rangs clairsem\u00e9s de la coalition gouvernementale. Le \u00ab\u00a0texte maudit\u00a0\u00bb, d\u00e9pos\u00e9 par le s\u00e9nateur centriste Laurent Lafon en avril 2023 et port\u00e9 par la ministre de la Culture Rachida Dati, va d\u00e9sormais repartir en deuxi\u00e8me lecture au S\u00e9nat, qui l\u2019avait d\u00e9j\u00e0 adopt\u00e9.<\/p>\n<p>\u00ab\u00a0Rachida Dati d\u00e9mission\u00a0\u00bb, ont scand\u00e9 ce lundi les salari\u00e9s de l\u2019audiovisuel public. Ils \u00e9taient plusieurs centaines venant de Radio France, de France T\u00e9l\u00e9visions et de l\u2019INA \u00e0 demander le retrait du texte port\u00e9 par Rachida Dati. Une mobilisation qui fait suite \u00e0 plusieurs jours de gr\u00e8ve au sein de l\u2019audiovisuel public.<\/p>\n<p>Plus d\u2019informations \u00e0 suivre\u2026<\/p>\n<p>Avant de partir, une derni\u00e8re chose\u2026<\/p>\n<p>Contrairement \u00e0 90% des m\u00e9dias fran\u00e7ais aujourd\u2019hui, <strong>l\u2019Humanit\u00e9 ne d\u00e9pend ni de grands groupes ni de milliardaires<\/strong>. Cela signifie que : <\/p>\n<ul class=\"wp-block-list\">\n<li>nous vous apportons des informations impartiales, sans compromis. Mais aussi que <\/li>\n<li>nous n\u2019avons pas les moyens financiers dont b\u00e9n\u00e9ficient les autres m\u00e9dias.<\/li>\n<\/ul>\n<p><strong>L\u2019information ind\u00e9pendante et de qualit\u00e9 a un co\u00fbt<\/strong>. Payez-le.<br \/><a href=\"https:\/\/stage.preprod.humanite.fr\/lhumanite-cest-vous\" data-type=\"link\" data-id=\"https:\/\/stage.preprod.humanite.fr\/lhumanite-cest-vous\" target=\"_blank\" rel=\"noopener\">Je veux en savoir plus<\/a><\/p>\n","protected":false},"excerpt":{"rendered":"Une victoire pour l\u2019audiovisuel public. Les d\u00e9put\u00e9s ont approuv\u00e9 largement ce lundi 30\u00a0juin une motion de rejet des&hellip;\n","protected":false},"author":2,"featured_media":217191,"comment_status":"","ping_status":"","sticky":false,"template":"","format":"standard","meta":{"footnotes":""},"categories":[2],"tags":[11,6428,6586,1011,27,26542,12,417,25,20282],"class_list":{"0":"post-217190","1":"post","2":"type-post","3":"status-publish","4":"format-standard","5":"has-post-thumbnail","7":"category-actualites","8":"tag-actualites","9":"tag-assemblu00e9e-nationale","10":"tag-audiovisuel-public","11":"tag-fr","12":"tag-france","13":"tag-motion-de-censure","14":"tag-news","15":"tag-rachida-dati","16":"tag-republique-francaise","17":"tag-ru00e9forme"},"share_on_mastodon":{"url":"https:\/\/pubeurope.com\/@fr\/114775767875930965","error":""},"_links":{"self":[{"href":"https:\/\/www.europesays.com\/fr\/wp-json\/wp\/v2\/posts\/217190","targetHints":{"allow":["GET"]}}],"collection":[{"href":"https:\/\/www.europesays.com\/fr\/wp-json\/wp\/v2\/posts"}],"about":[{"href":"https:\/\/www.europesays.com\/fr\/wp-json\/wp\/v2\/types\/post"}],"author":[{"embeddable":true,"href":"https:\/\/www.europesays.com\/fr\/wp-json\/wp\/v2\/users\/2"}],"replies":[{"embeddable":true,"href":"https:\/\/www.europesays.com\/fr\/wp-json\/wp\/v2\/comments?post=217190"}],"version-history":[{"count":0,"href":"https:\/\/www.europesays.com\/fr\/wp-json\/wp\/v2\/posts\/217190\/revisions"}],"wp:featuredmedia":[{"embeddable":true,"href":"https:\/\/www.europesays.com\/fr\/wp-json\/wp\/v2\/media\/217191"}],"wp:attachment":[{"href":"https:\/\/www.europesays.com\/fr\/wp-json\/wp\/v2\/media?parent=217190"}],"wp:term":[{"taxonomy":"category","embeddable":true,"href":"https:\/\/www.europesays.com\/fr\/wp-json\/wp\/v2\/categories?post=217190"},{"taxonomy":"post_tag","embeddable":true,"href":"https:\/\/www.europesays.com\/fr\/wp-json\/wp\/v2\/tags?post=217190"}],"curies":[{"name":"wp","href":"https:\/\/api.w.org\/{rel}","templated":true}]}}