{"id":217194,"date":"2025-07-01T03:09:18","date_gmt":"2025-07-01T03:09:18","guid":{"rendered":"https:\/\/www.europesays.com\/fr\/217194\/"},"modified":"2025-07-01T03:09:18","modified_gmt":"2025-07-01T03:09:18","slug":"date-de-reprise-entrainements-delocalises-le-programme-de-la-pre-saison-du-rc-vannes","status":"publish","type":"post","link":"https:\/\/www.europesays.com\/fr\/217194\/","title":{"rendered":"Date de reprise, entra\u00eenements d\u00e9localis\u00e9s\u00a0: le programme de la pr\u00e9-saison du RC Vannes"},"content":{"rendered":"<p>La date de reprise est connue ! Le <a href=\"https:\/\/www.letelegramme.fr\/sports\/rugby\/rc-vannes\/\" target=\"_blank\" rel=\"noopener\">RC Vannes<\/a> a communiqu\u00e9, ce lundi, sur son programme de pr\u00e9-saison. Les Morbihannais, qui \u00e9volueront en Pro D2 la saison prochaine, reprendront le mercredi 9 juillet au d\u2019aucy Park. Ils commenceront par des tests m\u00e9dicaux pendant quelques jours.\ufeff La reprise terrain est pr\u00e9vue pour le lundi 14 juillet.<\/p>\n<p>Trois entra\u00eenements d\u00e9localis\u00e9s<\/p>\n<p>Le RCV a \u00e9galement annonc\u00e9 trois entra\u00eenements d\u00e9localis\u00e9s et ouverts au public. Le premier sera \u00e0 Locmin\u00e9 le vendredi 18 juillet (11 h) au stade du Pigeon blanc, le deuxi\u00e8me \u00e0 Sarzeau le vendredi 25 juillet (11 h) au Parc des sports et le troisi\u00e8me \u00e0 Plo\u00ebrmel le vendredi 1er ao\u00fbt (11 h) au stade Patrick Caillaud.<\/p>\n","protected":false},"excerpt":{"rendered":"La date de reprise est connue ! Le RC Vannes a communiqu\u00e9, ce lundi, sur son programme de&hellip;\n","protected":false},"author":2,"featured_media":217195,"comment_status":"","ping_status":"","sticky":false,"template":"","format":"standard","meta":{"footnotes":""},"categories":[1416],"tags":[765,3166,1011,27,22567,14972,2308,3164,3167,479,1468,11234,60,3165],"class_list":{"0":"post-217194","1":"post","2":"type-post","3":"status-publish","4":"format-standard","5":"has-post-thumbnail","7":"category-rugby","8":"tag-en-continu","9":"tag-en-continu-sports","10":"tag-fr","11":"tag-france","12":"tag-locmine","13":"tag-ploermel","14":"tag-pro-d2","15":"tag-rc-vannes","16":"tag-rcv","17":"tag-rugby","18":"tag-rugby-football","19":"tag-sarzeau","20":"tag-sports","21":"tag-vannes"},"share_on_mastodon":{"url":"https:\/\/pubeurope.com\/@fr\/114775783169549181","error":""},"_links":{"self":[{"href":"https:\/\/www.europesays.com\/fr\/wp-json\/wp\/v2\/posts\/217194","targetHints":{"allow":["GET"]}}],"collection":[{"href":"https:\/\/www.europesays.com\/fr\/wp-json\/wp\/v2\/posts"}],"about":[{"href":"https:\/\/www.europesays.com\/fr\/wp-json\/wp\/v2\/types\/post"}],"author":[{"embeddable":true,"href":"https:\/\/www.europesays.com\/fr\/wp-json\/wp\/v2\/users\/2"}],"replies":[{"embeddable":true,"href":"https:\/\/www.europesays.com\/fr\/wp-json\/wp\/v2\/comments?post=217194"}],"version-history":[{"count":0,"href":"https:\/\/www.europesays.com\/fr\/wp-json\/wp\/v2\/posts\/217194\/revisions"}],"wp:featuredmedia":[{"embeddable":true,"href":"https:\/\/www.europesays.com\/fr\/wp-json\/wp\/v2\/media\/217195"}],"wp:attachment":[{"href":"https:\/\/www.europesays.com\/fr\/wp-json\/wp\/v2\/media?parent=217194"}],"wp:term":[{"taxonomy":"category","embeddable":true,"href":"https:\/\/www.europesays.com\/fr\/wp-json\/wp\/v2\/categories?post=217194"},{"taxonomy":"post_tag","embeddable":true,"href":"https:\/\/www.europesays.com\/fr\/wp-json\/wp\/v2\/tags?post=217194"}],"curies":[{"name":"wp","href":"https:\/\/api.w.org\/{rel}","templated":true}]}}