{"id":217207,"date":"2025-07-01T03:17:13","date_gmt":"2025-07-01T03:17:13","guid":{"rendered":"https:\/\/www.europesays.com\/fr\/217207\/"},"modified":"2025-07-01T03:17:13","modified_gmt":"2025-07-01T03:17:13","slug":"expo-nature-en-images-gerardmer-info","status":"publish","type":"post","link":"https:\/\/www.europesays.com\/fr\/217207\/","title":{"rendered":"Expo Nature en images &#8211; Gerardmer Info"},"content":{"rendered":"<p><a href=\"https:\/\/www.europesays.com\/fr\/wp-content\/uploads\/2025\/07\/img-20250628-1811161.jpg\" data-slb-active=\"1\" data-slb-asset=\"1917846806\" data-slb-internal=\"0\" data-slb-group=\"slb\"><img decoding=\"async\" loading=\"lazy\" class=\"aligncenter size-full wp-image-79901\" src=\"https:\/\/www.europesays.com\/fr\/wp-content\/uploads\/2025\/07\/img-20250628-1811161.jpg\" alt=\"\" width=\"2048\" height=\"1536\"  \/><\/a><\/p>\n<dl class=\"gallery-item\">\n<dt class=\"gallery-icon landscape\">\n\t\t\t\t<a href=\"https:\/\/vosgesinfo.fr\/app\/uploads\/sites\/6\/2025\/06\/etalement.jpeg\" data-slb-active=\"1\" data-slb-asset=\"963840901\" data-slb-internal=\"0\" data-slb-group=\"slb\" target=\"_blank\" rel=\"noopener\"><img width=\"300\" height=\"169\" src=\"https:\/\/www.europesays.com\/fr\/wp-content\/uploads\/2025\/07\/etalement-300x169.jpeg\" class=\"attachment-medium size-medium\" alt=\"\" decoding=\"async\" loading=\"lazy\"  \/><\/a>\n\t\t\t<\/dt>\n<\/dl>\n<dl class=\"gallery-item\">\n<dt class=\"gallery-icon landscape\">\n\t\t\t\t<a href=\"https:\/\/vosgesinfo.fr\/app\/uploads\/sites\/6\/2025\/06\/groupe-dimages.jpeg\" data-slb-active=\"1\" data-slb-asset=\"1883763211\" data-slb-internal=\"0\" data-slb-group=\"slb\" target=\"_blank\" rel=\"noopener\"><img width=\"300\" height=\"169\" src=\"https:\/\/www.europesays.com\/fr\/wp-content\/uploads\/2025\/07\/groupe-dimages-300x169.jpeg\" class=\"attachment-medium size-medium\" alt=\"\" decoding=\"async\" loading=\"lazy\"  \/><\/a>\n\t\t\t<\/dt>\n<\/dl>\n<p><br style=\"clear: both\"\/><\/p>\n<p>\u00a0<\/p>\n<p><strong>Intitul\u00e9e Tendances minimalistes, la nouvelle exposition de l\u2019association Nature en Images a pris place au parc du Trexeau o\u00f9 le vernissage a eu lieu ce samedi en fin d\u2019apr\u00e8s-midi dans le sillage du Village Forum Nature.<\/strong><\/p>\n<p>\u00a0<\/p>\n<p><a href=\"https:\/\/vosgesinfo.fr\/app\/uploads\/sites\/6\/2025\/06\/expo-nature-en-images-1.jpg\" data-slb-active=\"1\" data-slb-asset=\"258232270\" data-slb-internal=\"0\" data-slb-group=\"slb\" target=\"_blank\" rel=\"noopener\"><img aria-describedby=\"caption-attachment-79897\" decoding=\"async\" loading=\"lazy\" class=\"wp-image-79897 size-medium\" src=\"https:\/\/www.europesays.com\/fr\/wp-content\/uploads\/2025\/07\/expo-nature-en-images-1-300x225.jpg\" alt=\"\" width=\"300\" height=\"225\"  \/><\/a><\/p>\n<p id=\"caption-attachment-79897\" class=\"wp-caption-text\">Le vernissage s\u2019est conclut autour d\u2019un buffet concoct\u00e9 avec les produits des exposants pr\u00e9sents au forum.<\/p>\n<p>21 exposants ont particip\u00e9 \u00e0 cette \u00e9dition qui regroupe 45 images grand format sur b\u00e2ches de 1,50m sur 1m dispos\u00e9es dans le parc du Trexeau et devant le Casino, partenaire de l\u2019association Nature en Images. Une 46\u00e8me image se trouve devant le Cr\u00e9dit Agricole, partenaire \u00e9galement, et renvoie vers le Trexeau. Jacques Martin a d\u2019ailleurs tenu \u00e0 remercier l\u2019artisan des tirages, Ilico-Perso en la personne d\u2019Aur\u00e9lie Mougel, et \u00e0 l\u2019atelier G\u00e9hin de Vagney pour les coutures des b\u00e2ches.<\/p>\n<p>Le th\u00e8me se d\u00e9cline avec des sujets sur la nature vosgienne : paysages, faune et flore, \u00e0 travers des \u0153uvres qui, par leur simplicit\u00e9 et leur \u00e9l\u00e9gance, nous invitent \u00e0 voir le monde sous un<br \/>regard nouveau. \u00ab\u00a0Le minimalisme, c\u2019est avant tout l\u2019art de l\u2019essentiel. Dans un univers souvent satur\u00e9 d\u2019informations et de d\u00e9tails, ces photographies nous rappellent que la beaut\u00e9 r\u00e9side parfois dans la simplicit\u00e9, dans la puret\u00e9 des formes et la subtilit\u00e9 des couleurs et des lumi\u00e8res. Elles nous encouragent \u00e0 prendre le temps d\u2019appr\u00e9cier ce qui est l\u00e0, devant nos yeux, et devant lequel nous passons souvent sans un regard\u00a0\u00bb pr\u00e9cise Jacques Martin, pr\u00e9sident de Nature en Images.<\/p>\n<p>Exposition visible du 28 juin au 25 septembre.<\/p>\n<p><a href=\"https:\/\/vosgesinfo.fr\/app\/uploads\/sites\/6\/2025\/06\/expo-nature-en-images-3.jpg\" data-slb-active=\"1\" data-slb-asset=\"1088250087\" data-slb-internal=\"0\" data-slb-group=\"slb\" target=\"_blank\" rel=\"noopener\"><img decoding=\"async\" loading=\"lazy\" class=\"aligncenter size-large wp-image-79899\" src=\"https:\/\/www.europesays.com\/fr\/wp-content\/uploads\/2025\/07\/expo-nature-en-images-3-1024x768.jpg\" alt=\"\" width=\"1024\" height=\"768\"  \/><\/a><\/p>\n","protected":false},"excerpt":{"rendered":"\u00a0 Intitul\u00e9e Tendances minimalistes, la nouvelle exposition de l\u2019association Nature en Images a pris place au parc du&hellip;\n","protected":false},"author":2,"featured_media":217208,"comment_status":"","ping_status":"","sticky":false,"template":"","format":"standard","meta":{"footnotes":""},"categories":[1358],"tags":[1348,1384,1385,1386,58,59,1011,27,35686],"class_list":{"0":"post-217207","1":"post","2":"type-post","3":"status-publish","4":"format-standard","5":"has-post-thumbnail","7":"category-arts-et-design","8":"tag-arts","9":"tag-arts-and-design","10":"tag-arts-et-design","11":"tag-design","12":"tag-divertissement","13":"tag-entertainment","14":"tag-fr","15":"tag-france","16":"tag-nature-en-images"},"share_on_mastodon":{"url":"https:\/\/pubeurope.com\/@fr\/114775814819747840","error":""},"_links":{"self":[{"href":"https:\/\/www.europesays.com\/fr\/wp-json\/wp\/v2\/posts\/217207","targetHints":{"allow":["GET"]}}],"collection":[{"href":"https:\/\/www.europesays.com\/fr\/wp-json\/wp\/v2\/posts"}],"about":[{"href":"https:\/\/www.europesays.com\/fr\/wp-json\/wp\/v2\/types\/post"}],"author":[{"embeddable":true,"href":"https:\/\/www.europesays.com\/fr\/wp-json\/wp\/v2\/users\/2"}],"replies":[{"embeddable":true,"href":"https:\/\/www.europesays.com\/fr\/wp-json\/wp\/v2\/comments?post=217207"}],"version-history":[{"count":0,"href":"https:\/\/www.europesays.com\/fr\/wp-json\/wp\/v2\/posts\/217207\/revisions"}],"wp:featuredmedia":[{"embeddable":true,"href":"https:\/\/www.europesays.com\/fr\/wp-json\/wp\/v2\/media\/217208"}],"wp:attachment":[{"href":"https:\/\/www.europesays.com\/fr\/wp-json\/wp\/v2\/media?parent=217207"}],"wp:term":[{"taxonomy":"category","embeddable":true,"href":"https:\/\/www.europesays.com\/fr\/wp-json\/wp\/v2\/categories?post=217207"},{"taxonomy":"post_tag","embeddable":true,"href":"https:\/\/www.europesays.com\/fr\/wp-json\/wp\/v2\/tags?post=217207"}],"curies":[{"name":"wp","href":"https:\/\/api.w.org\/{rel}","templated":true}]}}