{"id":21721,"date":"2025-04-13T08:15:12","date_gmt":"2025-04-13T08:15:12","guid":{"rendered":"https:\/\/www.europesays.com\/fr\/21721\/"},"modified":"2025-04-13T08:15:12","modified_gmt":"2025-04-13T08:15:12","slug":"ancienne-urgentiste-elle-expose-ses-peintures-pour-la-premiere-fois-a-saint-chamas","status":"publish","type":"post","link":"https:\/\/www.europesays.com\/fr\/21721\/","title":{"rendered":"Ancienne urgentiste, elle expose ses peintures pour la premi\u00e8re fois \u00e0 Saint-Chamas"},"content":{"rendered":"<p>Pour sa toute premi\u00e8re exposition intitul\u00e9e \u00a0\u00bb lumi\u00e8res et couleurs de mes balades \u00ab\u00a0, Elisabeth Cornesse (Achilli) a choisi ce lieu d\u2019exception qui n\u2019est autre que la <a href=\"https:\/\/www.laprovence.com\/article\/region\/3678062393800315\/50-artistes-a-decouvrir-a-la-chapelle-saint-pierre-a-saint-chamas\" target=\"_blank\" rel=\"nofollow noopener\">chapelle Saint-Pierre<\/a> de Saint-Chamas. Anciennement urgentiste, la peinture a toujours \u00e9t\u00e9 son monde.<\/p>\n<p>Autodidacte, l\u2019artiste est une passionn\u00e9e dans l\u2019ombre, sans jamais oser d\u00e9velopper son art, son style, sa vision \u00e0 travers une toile expos\u00e9e au grand jour. M\u00eame si elle <a href=\"https:\/\/www.laprovence.com\/article\/region\/7057622026075914\/a-saint-chamas-la-peintre-lucette-bernard-devoile-son-univers-colore\" target=\"_blank\" rel=\"nofollow noopener\">peint<\/a> depuis toute petite avec des crayons, des pinceaux, des couteaux, les grands peintres ont su donner \u00e0 Elisabeth de l\u2019assurance et lui ont permis de perfectionner ses diff\u00e9rentes m\u00e9thodes, les pigments, les liants\u00a0: les expositions, les mus\u00e9es, la lecture en sont sa source.<\/p>\n<p>Lib\u00e9r\u00e9e de ses obligations professionnelles, elle se lance \u00e0 temps plein, et s\u2019essaye \u00e0 l\u2019huile et \u00e0 l\u2019acrylique. Avec ces m\u00e9diums, en deux ans et demi seulement, elle produit une <a href=\"https:\/\/www.laprovence.com\/article\/region\/136677946438214\/a-pelissanne-loffice-de-tourisme-revient-avec-une-exposition-sur-les-50-ans-dactivites-de-rene-roux\" target=\"_blank\" rel=\"nofollow noopener\">soixantaine de tableaux<\/a> issus de ses propres photographies prises \u00e0 l\u2019occasion de ses voyages et de <a href=\"https:\/\/www.laprovence.com\/article\/region\/1844080117611715\/guide-sainte-baume-balades-decouverte-du-patrimoine-et-portraits-locaux-au-menu-de-ledition-2025\" target=\"_blank\" rel=\"nofollow noopener\">ses balades en Provence<\/a>\u00a0: Eygali\u00e8res, Marseille, Fos-sur-Mer, ou encore Bastia. \u00a0\u00bb J\u2019aime peindre les for\u00eats, les sous-bois, les sc\u00e8nes qui m\u2019apaisent, les paysages et les lieux qui d\u00e9gagent de la force, confie-t-elle. L\u2019art m\u2019a toujours aid\u00e9 \u00e0 garder en moi le beau, la lumi\u00e8re, les couleurs et pour mon entourage quelque chose de l\u2019enfance\u2026 voir de na\u00eff. \u00ab\u00a0.<\/p>\n<p>L&rsquo;exposition de Elisabeth Cornesse est ouverte librement du 4 au 26\u00a0avril, du lundi au vendredi, de 9h \u00e0 12h et de 13h30 \u00e0 17h30 ainsi que le samedi matin de 9h \u00e0 12h \u00e0 la chapelle Saint-Pierre de Saint-Chamas qui est aussi l&rsquo;office de tourisme de la commune.<\/p>\n","protected":false},"excerpt":{"rendered":"Pour sa toute premi\u00e8re exposition intitul\u00e9e \u00a0\u00bb lumi\u00e8res et couleurs de mes balades \u00ab\u00a0, Elisabeth Cornesse (Achilli) a&hellip;\n","protected":false},"author":2,"featured_media":21722,"comment_status":"","ping_status":"","sticky":false,"template":"","format":"standard","meta":{"footnotes":""},"categories":[1358],"tags":[17,8108,1348,1384,1385,1386,58,3170,59,8110,1011,27,4152,471,16,2407,8109],"class_list":{"0":"post-21721","1":"post","2":"type-post","3":"status-publish","4":"format-standard","5":"has-post-thumbnail","7":"category-arts-et-design","8":"tag-17","9":"tag-ancienne","10":"tag-arts","11":"tag-arts-and-design","12":"tag-arts-et-design","13":"tag-design","14":"tag-divertissement","15":"tag-elle","16":"tag-entertainment","17":"tag-expose","18":"tag-fr","19":"tag-france","20":"tag-peintures","21":"tag-pour","22":"tag-region","23":"tag-ses","24":"tag-urgentiste"},"share_on_mastodon":{"url":"https:\/\/pubeurope.com\/@fr\/114329663843763286","error":""},"_links":{"self":[{"href":"https:\/\/www.europesays.com\/fr\/wp-json\/wp\/v2\/posts\/21721","targetHints":{"allow":["GET"]}}],"collection":[{"href":"https:\/\/www.europesays.com\/fr\/wp-json\/wp\/v2\/posts"}],"about":[{"href":"https:\/\/www.europesays.com\/fr\/wp-json\/wp\/v2\/types\/post"}],"author":[{"embeddable":true,"href":"https:\/\/www.europesays.com\/fr\/wp-json\/wp\/v2\/users\/2"}],"replies":[{"embeddable":true,"href":"https:\/\/www.europesays.com\/fr\/wp-json\/wp\/v2\/comments?post=21721"}],"version-history":[{"count":0,"href":"https:\/\/www.europesays.com\/fr\/wp-json\/wp\/v2\/posts\/21721\/revisions"}],"wp:featuredmedia":[{"embeddable":true,"href":"https:\/\/www.europesays.com\/fr\/wp-json\/wp\/v2\/media\/21722"}],"wp:attachment":[{"href":"https:\/\/www.europesays.com\/fr\/wp-json\/wp\/v2\/media?parent=21721"}],"wp:term":[{"taxonomy":"category","embeddable":true,"href":"https:\/\/www.europesays.com\/fr\/wp-json\/wp\/v2\/categories?post=21721"},{"taxonomy":"post_tag","embeddable":true,"href":"https:\/\/www.europesays.com\/fr\/wp-json\/wp\/v2\/tags?post=21721"}],"curies":[{"name":"wp","href":"https:\/\/api.w.org\/{rel}","templated":true}]}}