{"id":217223,"date":"2025-07-01T03:25:11","date_gmt":"2025-07-01T03:25:11","guid":{"rendered":"https:\/\/www.europesays.com\/fr\/217223\/"},"modified":"2025-07-01T03:25:11","modified_gmt":"2025-07-01T03:25:11","slug":"canicule-les-precautions-a-prendre-concernant-les-batteries-de-vos-appareils-actualites","status":"publish","type":"post","link":"https:\/\/www.europesays.com\/fr\/217223\/","title":{"rendered":"Canicule : les pr\u00e9cautions \u00e0 prendre concernant les batteries de vos appareils : Actualit\u00e9s"},"content":{"rendered":"<p class=\"lead \"><strong>Les batteries au lithium de votre smartphone, ordinateur ou trottinette \u00e9lectrique sont tr\u00e8s sensibles aux fortes chaleurs. En cette p\u00e9riode de canicule qui frappe la France, plusieurs pratiques sont \u00e0 \u00e9viter, rapporte BFMTV, lundi 30 juin.<\/strong><\/p>\n<p class=\"lead \">En cette fin de mois de juin, le mercure s&rsquo;affole dans l&rsquo;Hexagone et devrait continuer \u00e0 grimper dans les prochains jours. En effet, <a href=\"https:\/\/actu.orange.fr\/france\/canicule-en-france-seize-departements-places-en-vigilance-rouge-68-maintenus-en-orange-magic-CNT000002jnAPx.html\" rel=\"nofollow noopener\" target=\"_blank\">16 d\u00e9partements ont \u00e9t\u00e9 plac\u00e9s en alerte rouge canicule<\/a> par M\u00e9t\u00e9o-France et 68 autres ont \u00e9t\u00e9 maintenus en vigilance orange pour la journ\u00e9e de mardi 1er juillet. Face \u00e0 ces fortes chaleurs, les organismes humains souffrent, mais ils ne sont pas les seuls. Comme l&rsquo;indiquent nos confr\u00e8res de <a href=\"https:\/\/www.bfmtv.com\/tech\/astuces\/avec-la-canicule-il-faut-etre-vigilant-avec-les-batteries-de-ses-appareils-surtout-pour-les-charges_AV-202506300634.html\" target=\"_blank\" rel=\"nofollow noopener\">BFMTV<\/a>, les batteries de nos appareils sont \u00e9galement tr\u00e8s sensibles aux temp\u00e9ratures \u00e9lev\u00e9es.<\/p>\n<p class=\"lead \">Que ce soit pour votre smartphone, ordinateur, trottinette \u00e9lectrique ou v\u00e9lo, les batteries au lithium doivent faire l&rsquo;objet d&rsquo;une attention particuli\u00e8re lors de p\u00e9riodes de canicule. \u00ab\u00a0\u00c9vitez d&rsquo;utiliser ou de recharger votre appareil lorsque la temp\u00e9rature de votre environnement est sup\u00e9rieure \u00e0 35 degr\u00e9s, car cela peut r\u00e9duire de fa\u00e7on permanente la dur\u00e9e de vie de la batterie\u00a0\u00bb, avertit notamment le g\u00e9ant am\u00e9ricain Apple pour ses iPhones. Cette pr\u00e9caution vaut aussi pour les t\u00e9l\u00e9phones portables Android.<\/p>\n<p>                                                                                                Des risques d&rsquo;incendie<\/p>\n<p class=\"lead \">Si vous ne pouvez pas attendre que le mercure baisse pour recharger votre appareil, il est conseill\u00e9 de r\u00e9duire au maximum le temps de charge de celui-ci et de ne pas le laisser branch\u00e9 jusqu&rsquo;\u00e0 100 %. Vous pouvez \u00e9galement activer le mode \u00ab\u00a0\u00e9conomie d&rsquo;\u00e9nergie\u00a0\u00bb sur votre smartphone ou ordinateur pour ne pas trop le solliciter.<\/p>\n<p class=\"lead \">Enfin, il est pr\u00e9f\u00e9rable d&rsquo;utiliser le chargeur et le c\u00e2ble d&rsquo;origine de votre appareil. Certains chargeurs, aux prix plus bas, peuvent avoir des effets n\u00e9fastes sur votre smartphone ou autre, voire d\u00e9clencher des incendies. Pour limiter les risques, mieux vaut ne pas charger votre appareil durant la nuit ou lorsque vous n&rsquo;\u00eates pas sur place.<\/p>\n<p class=\"small font-weight-bold text-gray3 \"> publi\u00e9 le 30 juin \u00e0 19h50, C\u00e9dric Alexis, 6Medias<\/p>\n<p>                             Partager<\/p>\n","protected":false},"excerpt":{"rendered":"Les batteries au lithium de votre smartphone, ordinateur ou trottinette \u00e9lectrique sont tr\u00e8s sensibles aux fortes chaleurs. En&hellip;\n","protected":false},"author":2,"featured_media":217224,"comment_status":"","ping_status":"","sticky":false,"template":"","format":"standard","meta":{"footnotes":""},"categories":[7],"tags":[1011,27,43,40,41,39,42,44],"class_list":{"0":"post-217223","1":"post","2":"type-post","3":"status-publish","4":"format-standard","5":"has-post-thumbnail","7":"category-sciences-et-technologies","8":"tag-fr","9":"tag-france","10":"tag-science","11":"tag-science-and-technology","12":"tag-sciences","13":"tag-sciences-et-technologies","14":"tag-technologies","15":"tag-technology"},"share_on_mastodon":{"url":"https:\/\/pubeurope.com\/@fr\/114775846099298844","error":""},"_links":{"self":[{"href":"https:\/\/www.europesays.com\/fr\/wp-json\/wp\/v2\/posts\/217223","targetHints":{"allow":["GET"]}}],"collection":[{"href":"https:\/\/www.europesays.com\/fr\/wp-json\/wp\/v2\/posts"}],"about":[{"href":"https:\/\/www.europesays.com\/fr\/wp-json\/wp\/v2\/types\/post"}],"author":[{"embeddable":true,"href":"https:\/\/www.europesays.com\/fr\/wp-json\/wp\/v2\/users\/2"}],"replies":[{"embeddable":true,"href":"https:\/\/www.europesays.com\/fr\/wp-json\/wp\/v2\/comments?post=217223"}],"version-history":[{"count":0,"href":"https:\/\/www.europesays.com\/fr\/wp-json\/wp\/v2\/posts\/217223\/revisions"}],"wp:featuredmedia":[{"embeddable":true,"href":"https:\/\/www.europesays.com\/fr\/wp-json\/wp\/v2\/media\/217224"}],"wp:attachment":[{"href":"https:\/\/www.europesays.com\/fr\/wp-json\/wp\/v2\/media?parent=217223"}],"wp:term":[{"taxonomy":"category","embeddable":true,"href":"https:\/\/www.europesays.com\/fr\/wp-json\/wp\/v2\/categories?post=217223"},{"taxonomy":"post_tag","embeddable":true,"href":"https:\/\/www.europesays.com\/fr\/wp-json\/wp\/v2\/tags?post=217223"}],"curies":[{"name":"wp","href":"https:\/\/api.w.org\/{rel}","templated":true}]}}