{"id":217225,"date":"2025-07-01T03:26:10","date_gmt":"2025-07-01T03:26:10","guid":{"rendered":"https:\/\/www.europesays.com\/fr\/217225\/"},"modified":"2025-07-01T03:26:10","modified_gmt":"2025-07-01T03:26:10","slug":"le-canada-a-cede-face-a-trump-en-renoncant-a-sa-taxe-sur-les-geants-de-la-tech","status":"publish","type":"post","link":"https:\/\/www.europesays.com\/fr\/217225\/","title":{"rendered":"Le Canada a \u00ab\u00a0c\u00e9d\u00e9\u00a0\u00bb face \u00e0 Trump en renon\u00e7ant \u00e0 sa taxe sur les g\u00e9ants de la tech"},"content":{"rendered":"<p>Sous la pression directe du pr\u00e9sident am\u00e9ricain Donald Trump, le Canada a annonc\u00e9 dimanche l\u2019abandon de sa <a href=\"https:\/\/www.20minutes.fr\/monde\/etats-unis\/4146892-20250404-droits-douane-taxer-gafam-ca-changera-rien-utilisateur-comme-produit\" class=\"color-ultramarine c-link\" target=\"_blank\" rel=\"noopener\">taxe sur les services num\u00e9riques <\/a>(TSN), quelques heures seulement avant son entr\u00e9e en vigueur. <a href=\"https:\/\/www.20minutes.fr\/monde\/etats-unis\/4160865-20250628-etats-unis-vexe-taxe-services-numeriques-trump-met-fin-negociations-commerciales-canada\" class=\"color-ultramarine c-link\" target=\"_blank\" rel=\"noopener\">Le pr\u00e9sident des \u00c9tats-Unis avait suspendu toutes les discussions commerciales<\/a> avec Ottawa en fin de semaine derni\u00e8re : il s&rsquo;agit d&rsquo;une victoire diplomatique pour l&rsquo;administration am\u00e9ricaine.<\/p>\n<p>\u00ab\u00a0Le Premier ministre Carney et le Canada ont c\u00e9d\u00e9 face au pr\u00e9sident Trump\u00a0\u00bb, a affirm\u00e9 la porte-parole de la Maison-Blanche, Karoline Leavitt, ce lundi, en conf\u00e9rence de presse. \u00ab\u00a0Le pr\u00e9sident Trump sait comment n\u00e9gocier et sait qu\u2019il gouverne le meilleur pays et la meilleure \u00e9conomie de la plan\u00e8te.\u00a0\u00bb<\/p>\n<\/p>\n<p>Une taxe \u00ab\u00a0scandaleuse\u00a0\u00bb<\/p>\n<p>Adopt\u00e9e en\u00a02024, la TSN canadienne devait imposer un pr\u00e9l\u00e8vement de 3\u00a0% sur les revenus g\u00e9n\u00e9r\u00e9s dans le pays par les grandes plateformes num\u00e9riques, en particulier les g\u00e9ants am\u00e9ricains que sont Google, Apple, Meta, Amazon et Microsoft. Ottawa avait annonc\u00e9 vouloir l\u2019appliquer d\u00e8s ce lundi. \u00ab\u00a0C\u2019\u00e9tait une erreur du Canada de vouloir appliquer cette taxe qui aurait affect\u00e9 nos entreprises de la tech, ici aux Etats-Unis\u00a0\u00bb a ajout\u00e9 la porte-parole de la Maison-Blanche.<\/p>\n<p>Vendredi dernier, Donald Trump s\u2019\u00e9tait emport\u00e9 sur Truth Social, <a href=\"https:\/\/www.20minutes.fr\/monde\/etats-unis\/4160865-20250628-etats-unis-vexe-taxe-services-numeriques-trump-met-fin-negociations-commerciales-canada\" class=\"color-ultramarine c-link\" target=\"_blank\" rel=\"noopener\">d\u00e9non\u00e7ant une \u00ab\u00a0taxe scandaleuse\u00a0\u00bb<\/a> visant les int\u00e9r\u00eats am\u00e9ricains. \u00ab\u00a0Nous mettons fin \u00e0 TOUTES les discussions commerciales avec le Canada, avec effet imm\u00e9diat\u00a0\u00bb, avait-il \u00e9crit, mena\u00e7ant \u00e9galement de nouveaux droits de douane punitifs dans la semaine. Face \u00e0 cette escalade, Ottawa a pr\u00e9f\u00e9r\u00e9 faire machine arri\u00e8re, confirmant dans la foul\u00e9e la reprise des n\u00e9gociations commerciales bilat\u00e9rales.<\/p>\n<p><a href=\"https:\/\/www.20minutes.fr\/dossier\/donald_trump\" class=\"c-link c-btn c-btn--primary\" target=\"_blank\" rel=\"noopener\">Notre dossier sur Donald Trump<\/a>Un pr\u00e9c\u00e9dent inqui\u00e9tant pour les Europ\u00e9ens et le Japon<\/p>\n<p>L\u2019Union europ\u00e9enne, qui applique d\u00e9j\u00e0 une forme de taxe num\u00e9rique dans plusieurs \u00c9tats membres, pourrait \u00eatre la prochaine cible. \u00ab\u00a0Tous les pays ont besoin d\u2019avoir de bonnes relations commerciales avec les Etats-Unis\u00a0\u00bb a encore ajout\u00e9 Karoline Leavitt.<\/p>\n<p>Lundi, le pr\u00e9sident am\u00e9ricain a \u00e9galement menac\u00e9 le Japon. \u00ab\u00a0Ils ne prennent pas notre riz alors qu\u2019ils ont une grosse p\u00e9nurie\u00a0\u00bb, a-t-il lanc\u00e9 <a href=\"https:\/\/truthsocial.com\/@realDonaldTrump\/114773601644828833\" rel=\"nofollow noopener\" target=\"_blank\" class=\"color-ultramarine c-link\">sur Truth Social<\/a>, avant d\u2019annoncer l\u2019envoi imminent d\u2019une lettre officielle, laissant planer la menace de nouveaux droits de douane. Les \u00c9tats-Unis pr\u00e9voient de r\u00e9activer \u00e0 partir du 9\u00a0juillet prochain leurs surtaxes douani\u00e8res les plus dures contre plusieurs partenaires commerciaux. La d\u00e9cision canadienne pourrait bien renforcer l\u2019efficacit\u00e9 de cette diplomatie \u00e9conomique offensive.<\/p>\n","protected":false},"excerpt":{"rendered":"Sous la pression directe du pr\u00e9sident am\u00e9ricain Donald Trump, le Canada a annonc\u00e9 dimanche l\u2019abandon de sa taxe&hellip;\n","protected":false},"author":2,"featured_media":217226,"comment_status":"","ping_status":"","sticky":false,"template":"","format":"standard","meta":{"footnotes":""},"categories":[6],"tags":[47,35,574,75,33742,33,34,73,1011,27,142,78,74],"class_list":{"0":"post-217225","1":"post","2":"type-post","3":"status-publish","4":"format-standard","5":"has-post-thumbnail","7":"category-economie","8":"tag-actualite","9":"tag-business","10":"tag-canada","11":"tag-donald-trump","12":"tag-droits-de-douane-americains","13":"tag-economie","14":"tag-economy","15":"tag-etats-unis","16":"tag-fr","17":"tag-france","18":"tag-high-tech","19":"tag-maison-blanche","20":"tag-monde"},"share_on_mastodon":{"url":"https:\/\/pubeurope.com\/@fr\/114775849923073225","error":""},"_links":{"self":[{"href":"https:\/\/www.europesays.com\/fr\/wp-json\/wp\/v2\/posts\/217225","targetHints":{"allow":["GET"]}}],"collection":[{"href":"https:\/\/www.europesays.com\/fr\/wp-json\/wp\/v2\/posts"}],"about":[{"href":"https:\/\/www.europesays.com\/fr\/wp-json\/wp\/v2\/types\/post"}],"author":[{"embeddable":true,"href":"https:\/\/www.europesays.com\/fr\/wp-json\/wp\/v2\/users\/2"}],"replies":[{"embeddable":true,"href":"https:\/\/www.europesays.com\/fr\/wp-json\/wp\/v2\/comments?post=217225"}],"version-history":[{"count":0,"href":"https:\/\/www.europesays.com\/fr\/wp-json\/wp\/v2\/posts\/217225\/revisions"}],"wp:featuredmedia":[{"embeddable":true,"href":"https:\/\/www.europesays.com\/fr\/wp-json\/wp\/v2\/media\/217226"}],"wp:attachment":[{"href":"https:\/\/www.europesays.com\/fr\/wp-json\/wp\/v2\/media?parent=217225"}],"wp:term":[{"taxonomy":"category","embeddable":true,"href":"https:\/\/www.europesays.com\/fr\/wp-json\/wp\/v2\/categories?post=217225"},{"taxonomy":"post_tag","embeddable":true,"href":"https:\/\/www.europesays.com\/fr\/wp-json\/wp\/v2\/tags?post=217225"}],"curies":[{"name":"wp","href":"https:\/\/api.w.org\/{rel}","templated":true}]}}