{"id":217227,"date":"2025-07-01T03:27:12","date_gmt":"2025-07-01T03:27:12","guid":{"rendered":"https:\/\/www.europesays.com\/fr\/217227\/"},"modified":"2025-07-01T03:27:12","modified_gmt":"2025-07-01T03:27:12","slug":"avant-de-negocier-liran-veut-un-engagement-americain-a-ne-plus-etre-bombarde","status":"publish","type":"post","link":"https:\/\/www.europesays.com\/fr\/217227\/","title":{"rendered":"Avant de n\u00e9gocier, l\u2019Iran veut un engagement am\u00e9ricain \u00e0 ne plus \u00eatre bombard\u00e9"},"content":{"rendered":"<p><strong>D\u00c9CRYPTAGE &#8211;<\/strong> Alors que Donald Trump hausse le ton, T\u00e9h\u00e9ran redoute d\u2019\u00eatre de nouveau leurr\u00e9, comme avant les frappes isra\u00e9liennes.<\/p>\n<p class=\"fig-paragraph\">Alors que l\u2019incertitude demeure sur l\u2019ampleur des dommages caus\u00e9s aux installations nucl\u00e9aires par les frappes isra\u00e9liennes et am\u00e9ricaines, Washington et\u00a0<a href=\"http:\/\/www.lefigaro.fr\/international\/guerre-israel-iran-les-trois-options-de-teheran-pour-bloquer-le-detroit-d-ormuz-20250623\" data-fig-type=\"Article\" data-gtm-custom-categorie=\"navigation\" data-gtm-custom-action=\"crossclick\" data-gtm-custom-label=\"Contextuel\" data-gtm-event=\"customEventSPE\" data-fig-domain=\"LEFIGARO\" target=\"_blank\" rel=\"noopener\">T\u00e9h\u00e9ran\u00a0<\/a>alternent le chaud et le froid sur une reprise des n\u00e9gociations en vue d\u2019une neutralisation de la menace r\u00e9siduelle pos\u00e9e par\u00a0<a href=\"http:\/\/www.lefigaro.fr\/international\/apres-la-guerre-des-douze-jours-israel-reste-determine-a-annuler-la-menace-nucleaire-iranienne-20250626\" data-fig-type=\"Article\" data-gtm-custom-categorie=\"navigation\" data-gtm-custom-action=\"crossclick\" data-gtm-custom-label=\"Contextuel\" data-gtm-event=\"customEventSPE\" data-fig-domain=\"LEFIGARO\" target=\"_blank\" rel=\"noopener\">le nucl\u00e9aire iranien.<\/a><\/p>\n<p class=\"fig-paragraph\">Apr\u00e8s avoir affirm\u00e9 dans la foul\u00e9e du cessez-le-feu impos\u00e9 \u00e0 Isra\u00ebl et \u00e0 l\u2019Iran qu\u2019il envisageait de lever certaines sanctions contre l\u2019Iran, qui \u00ab\u00a0veut une rencontre\u00a0\u00bb avec les Am\u00e9ricains,\u00a0<a href=\"http:\/\/www.lefigaro.fr\/conjoncture\/pourquoi-donald-trump-retire-sa-revenge-tax-contre-les-firmes-etrangeres-20250627\" data-fig-type=\"Article\" data-gtm-custom-categorie=\"navigation\" data-gtm-custom-action=\"crossclick\" data-gtm-custom-label=\"Contextuel\" data-gtm-event=\"customEventSPE\" data-fig-domain=\"LEFIGARO\" target=\"_blank\" rel=\"noopener\">Donald Trump<\/a>\u00a0a soudainement chang\u00e9 de pied, d\u00e9clarant qu\u2019il \u00ab\u00a0ne parlait pas \u00e0 l\u2019Iran et qu\u2019il ne leur offrait rien\u00a0\u00bb, mena\u00e7ant m\u00eame de \u00ab\u00a0bombarder\u00a0\u00bb de nouveau l\u2019Iran s\u2019il enrichissait l\u2019uranium \u00e0 de hauts niveaux.<\/p>\n<p class=\"fig-body-link\">\n            \u00c0 lire aussi<br \/>\n        <a class=\"fig-body-link__link fig-premium-mark\" href=\"http:\/\/www.lefigaro.fr\/international\/guerre-israel-iran-teheran-vise-un-accord-avec-les-etats-unis-pour-enrayer-la-contestation-20250626\" data-fig-type=\"Article\" data-gtm-custom-categorie=\"navigation\" data-gtm-custom-action=\"crossclick\" data-gtm-custom-label=\"Contextuel\" data-gtm-event=\"customEventSPE\" data-fig-domain=\"LEFIGARO\" target=\"_blank\" rel=\"noopener\">Guerre Isra\u00ebl-Iran\u00a0: T\u00e9h\u00e9ran vise un accord avec les \u00c9tats-Unis pour enrayer la contestation<br \/>\n    <\/a>\n<\/p>\n<p class=\"fig-paragraph\">\u00ab\u00a0J\u2019ai travaill\u00e9 \u00e0 une possible lev\u00e9e des sanctions et \u00e0 d\u2019autres choses, ce qui aurait donn\u00e9 une bien meilleure chance \u00e0 l\u2019Iran de se remettre\u00a0\u00bb de la guerre, avouait-il samedi. Mais dans le m\u00eame temps, Donald Trump a r\u00e9fut\u00e9 les informations de presse selon lesquelles\u2026<\/p>\n<p class=\"fig-premium-paywall__infos\">\n        Cet article est r\u00e9serv\u00e9 aux abonn\u00e9s.        Il vous reste 83% \u00e0 d\u00e9couvrir.\n    <\/p>\n<p>                <img  data- alt=\"Le Figaro\" class=\"fig-img--complete fig-img\"\/><\/p>\n<p class=\"fig-premium-paywall__title\">Vous avez envie de lire la suite ?<\/p>\n<p class=\"fig-premium-paywall__subtitle\">D\u00e9bloquez tous les articles imm\u00e9diatement.<\/p>\n<p class=\"fig-premium-paywall__connect\">\n                D\u00e9j\u00e0 abonn\u00e9\u00a0?                <a class=\"fig-premium-paywall__connect-link\" href=\"https:\/\/connect.lefigaro.fr\/login?client=horizon_web&amp;type=main&amp;redirect_uri=https%3A%2F%2Fwww.lefigaro.fr%2Finternational%2Favant-de-negocier-l-iran-veut-un-engagement-americain-a-ne-plus-etre-bombarde-20250630\" data-js-gtm=\"{&quot;customCategorie&quot;: &quot;conversion&quot;, &quot;customAction&quot;: &quot;before_Landing_Connexion_paywall_auto&quot;, &quot;customLabel&quot;: &quot;bGVmaWdhcm8uZnJfXzFmMDU1YjkxLTcwODktNmVhYS04NmM4LTM5YWFiMTljOGQyOF9fQXJ0aWNsZQ==_Avant de n\u00e9gocier, l\u2019Iran veut un engagement am\u00e9ricain \u00e0 ne plus \u00eatre bombard\u00e9_271&quot;, &quot;customIDSPE&quot;: &quot;bGVmaWdhcm8uZnJfXzFmMDU1YjkxLTcwODktNmVhYS04NmM4LTM5YWFiMTljOGQyOF9fQXJ0aWNsZQ==&quot;, &quot;event&quot;: &quot;customEventSPE&quot;}\" target=\"_blank\" rel=\"noopener\"><br \/>\n                    Connectez-vous<br \/>\n                <\/a>\n            <\/p>\n","protected":false},"excerpt":{"rendered":"D\u00c9CRYPTAGE &#8211; Alors que Donald Trump hausse le ton, T\u00e9h\u00e9ran redoute d\u2019\u00eatre de nouveau leurr\u00e9, comme avant les&hellip;\n","protected":false},"author":2,"featured_media":217228,"comment_status":"","ping_status":"","sticky":false,"template":"","format":"standard","meta":{"footnotes":""},"categories":[5],"tags":[259,11,260,75,1011,27,14,3019,261,12,262,28],"class_list":{"0":"post-217227","1":"post","2":"type-post","3":"status-publish","4":"format-standard","5":"has-post-thumbnail","7":"category-international","8":"tag-actualite-internationale","9":"tag-actualites","10":"tag-affaires-etrangeres","11":"tag-donald-trump","12":"tag-fr","13":"tag-france","14":"tag-international","15":"tag-iran","16":"tag-ministere-des-affaires-etrangeres","17":"tag-news","18":"tag-politique-etrangere","19":"tag-world"},"share_on_mastodon":{"url":"https:\/\/pubeurope.com\/@fr\/114775853883868628","error":""},"_links":{"self":[{"href":"https:\/\/www.europesays.com\/fr\/wp-json\/wp\/v2\/posts\/217227","targetHints":{"allow":["GET"]}}],"collection":[{"href":"https:\/\/www.europesays.com\/fr\/wp-json\/wp\/v2\/posts"}],"about":[{"href":"https:\/\/www.europesays.com\/fr\/wp-json\/wp\/v2\/types\/post"}],"author":[{"embeddable":true,"href":"https:\/\/www.europesays.com\/fr\/wp-json\/wp\/v2\/users\/2"}],"replies":[{"embeddable":true,"href":"https:\/\/www.europesays.com\/fr\/wp-json\/wp\/v2\/comments?post=217227"}],"version-history":[{"count":0,"href":"https:\/\/www.europesays.com\/fr\/wp-json\/wp\/v2\/posts\/217227\/revisions"}],"wp:featuredmedia":[{"embeddable":true,"href":"https:\/\/www.europesays.com\/fr\/wp-json\/wp\/v2\/media\/217228"}],"wp:attachment":[{"href":"https:\/\/www.europesays.com\/fr\/wp-json\/wp\/v2\/media?parent=217227"}],"wp:term":[{"taxonomy":"category","embeddable":true,"href":"https:\/\/www.europesays.com\/fr\/wp-json\/wp\/v2\/categories?post=217227"},{"taxonomy":"post_tag","embeddable":true,"href":"https:\/\/www.europesays.com\/fr\/wp-json\/wp\/v2\/tags?post=217227"}],"curies":[{"name":"wp","href":"https:\/\/api.w.org\/{rel}","templated":true}]}}