{"id":217229,"date":"2025-07-01T03:28:14","date_gmt":"2025-07-01T03:28:14","guid":{"rendered":"https:\/\/www.europesays.com\/fr\/217229\/"},"modified":"2025-07-01T03:28:14","modified_gmt":"2025-07-01T03:28:14","slug":"lex-patron-dorange-stephane-richard-condamne","status":"publish","type":"post","link":"https:\/\/www.europesays.com\/fr\/217229\/","title":{"rendered":"l\u2019ex-patron d\u2019Orange St\u00e9phane Richard condamn\u00e9"},"content":{"rendered":"<p>        <img decoding=\"async\" loading=\"lazy\" src=\"https:\/\/www.europesays.com\/fr\/wp-content\/uploads\/2025\/07\/0058e1a_upload-1-wvcymoxs8gaq-000-63z67g2.jpg\"  width=\"728\" height=\"410\" alt=\"St\u00e9phane Richard, ici s\u2019adressant pour la derni\u00e8re fois \u00e0 l\u2019assembl\u00e9e g\u00e9n\u00e9rale du groupe Orange \u00e0 Paris, le 19\u00a0mai 2022.\"\/>  <\/p>\n<p>ERIC PIERMONT \/ AFP<\/p>\n<p>St\u00e9phane Richard, ici s\u2019adressant pour la derni\u00e8re fois \u00e0 l\u2019assembl\u00e9e g\u00e9n\u00e9rale du groupe Orange \u00e0 Paris, le 19\u00a0mai 2022.<\/p>\n<p class=\"asset asset-text\">JUSTICE &#8211; Une d\u00e9cision de justice 17\u00a0ans apr\u00e8s le d\u00e9but d\u2019une affaire tentaculaire. La cour d\u2019appel de Paris a condamn\u00e9 ce lundi 30\u00a0juin l\u2019ex-patron d\u2019Orange <a href=\"https:\/\/www.huffingtonpost.fr\/economie\/article\/bruno-le-maire-veut-une-femme-a-la-tete-d-orange-pour-remplacer-stephane-richard_191227.html\" rel=\"nofollow noopener\" target=\"_blank\">St\u00e9phane Richard<\/a> \u00e0 une peine de six mois de prison avec sursis, dans ce qui est peut-\u00eatre le dernier ricochet de l\u2019affaire de l\u2019arbitrage controvers\u00e9 de 2008 entre <a href=\"https:\/\/www.huffingtonpost.fr\/culture\/article\/tapie-sur-netflix-une-fiction-addictive-qui-fait-le-portrait-d-un-couple-de-legende-clx1_222914.html\" rel=\"nofollow noopener\" target=\"_blank\">Bernard Tapie<\/a> et le Cr\u00e9dit Lyonnais.<\/p>\n<p class=\"asset asset-text\">\u00c0 l\u2019issue de ce troisi\u00e8me proc\u00e8s et comme l\u2019avait sugg\u00e9r\u00e9 l\u2019avocat g\u00e9n\u00e9ral de la Cour de cassation, les magistrats ont requalifi\u00e9 l\u2019infraction reproch\u00e9e \u00e0 l\u2019ex-directeur de cabinet de Christine Lagarde au minist\u00e8re de l\u2019\u00c9conomie en n\u00e9gligence plut\u00f4t que complicit\u00e9 de d\u00e9tournement de fonds publics. St\u00e9phane Richard a \u00e9galement \u00e9t\u00e9 condamn\u00e9 \u00e0 une peine de 15\u00a0000\u00a0euros d\u2019amende.<\/p>\n<p class=\"asset asset-text\">Il avait \u00e9t\u00e9 rejug\u00e9 en mars-avril au c\u00f4t\u00e9 du haut fonctionnaire Jean-Fran\u00e7ois Rocchi, ancien responsable du Consortium de R\u00e9alisation (CDR), entit\u00e9 charg\u00e9e de g\u00e9rer le passif du\u00a0Cr\u00e9dit\u00a0Lyonnais, qui a \u00e9galement \u00e9t\u00e9 condamn\u00e9 \u00e0 une peine de six mois avec sursis pour n\u00e9gligence ainsi qu\u2019\u00e0 une amende de 8\u00a0000 euros.<\/p>\n<p>    Une \u00ab\u00a0accumulation de n\u00e9gligences\u00a0\u00bb    <\/p>\n<p class=\"asset asset-text\">La cour a not\u00e9 \u00ab\u00a0l\u2019accumulation de n\u00e9gligences\u00a0\u00bb commises par les pr\u00e9venus, leur a dit le pr\u00e9sident. \u00ab\u00a0Les faits sont graves\u00a0\u00bb et \u00ab\u00a0r\u00e9v\u00e8lent un comportement dans lequel l\u2019int\u00e9r\u00eat, notamment financier, de l\u2019Etat n\u2019est pas la priorit\u00e9\u00a0\u00bb, a-t-il d\u00e9clar\u00e9, prenant toutefois en compte le fait qu\u2019ils n\u2019avaient jamais \u00e9t\u00e9 condamn\u00e9s auparavant.<\/p>\n<p class=\"asset asset-text\">\u00ab\u00a0La cour m\u2019a reproch\u00e9 d\u2019avoir commis des n\u00e9gligences dans la phase pr\u00e9paratoire \u00e0 l\u2019entr\u00e9e en arbitrage, ce que je conteste profond\u00e9ment\u00a0\u00bb, a r\u00e9agi aupr\u00e8s de l\u2019AFP St\u00e9phane Richard, 63 ans, venu assister au rendu de la d\u00e9cision. \u00ab\u00a0Cela me semble m\u00e9conna\u00eetre gravement le r\u00f4le exact et les responsabilit\u00e9s qui en d\u00e9coulent d\u2019un directeur de cabinet dans un minist\u00e8re comme Bercy\u00a0\u00bb, a-t-il poursuivi, ajoutant qu\u2019il allait pour ces raisons \u00ab\u00a0s\u00e9rieusement \u00e9tudier un pourvoi en cassation\u00a0\u00bb.<\/p>\n<p class=\"asset asset-text\">Sa condamnation en novembre 2021 lui avait co\u00fbt\u00e9 son poste \u00e0 la t\u00eate de l\u2019op\u00e9rateur t\u00e9l\u00e9phonique historique\u00a0: aux c\u00f4t\u00e9s de trois autres pr\u00e9venus, St\u00e9phane Richard s\u2019\u00e9tait vu infliger un an de prison avec sursis et 50\u00a0000 euros d\u2019amende pour complicit\u00e9 de d\u00e9tournement de fonds publics. Mais en juin 2023, la Cour de cassation a partiellement annul\u00e9 la d\u00e9cision et ordonn\u00e9 un nouveau proc\u00e8s pour lui et pour Jean-Fran\u00e7ois Rocchi.<\/p>\n<p class=\"asset asset-text\">Cette affaire d\u00e9coule du conflit qui avait oppos\u00e9 Bernard Tapie, d\u00e9c\u00e9d\u00e9 en 2021, et le\u00a0Cr\u00e9dit\u00a0Lyonnais, autour du rachat de l\u2019\u00e9quipementier allemand Adidas dans les ann\u00e9es 1990. Un arbitrage priv\u00e9 avait donn\u00e9 raison en 2008 \u00e0 Bernard Tapie et lui avait octroy\u00e9 plus de 400 millions d\u2019euros. Mais cette sentence controvers\u00e9e avait ensuite \u00e9t\u00e9 annul\u00e9e au civil pour \u00ab\u00a0fraude\u00a0\u00bb en 2015.<\/p>\n","protected":false},"excerpt":{"rendered":"ERIC PIERMONT \/ AFP St\u00e9phane Richard, ici s\u2019adressant pour la derni\u00e8re fois \u00e0 l\u2019assembl\u00e9e g\u00e9n\u00e9rale du groupe Orange&hellip;\n","protected":false},"author":2,"featured_media":217230,"comment_status":"","ping_status":"","sticky":false,"template":"","format":"standard","meta":{"footnotes":""},"categories":[4],"tags":[11,35688,1011,27,303,12,738,25,35508],"class_list":{"0":"post-217229","1":"post","2":"type-post","3":"status-publish","4":"format-standard","5":"has-post-thumbnail","7":"category-france","8":"tag-actualites","9":"tag-affaire-tapie-credit-lyonnais","10":"tag-fr","11":"tag-france","12":"tag-justice","13":"tag-news","14":"tag-orange","15":"tag-republique-francaise","16":"tag-stephane-richard"},"share_on_mastodon":{"url":"https:\/\/pubeurope.com\/@fr\/114775857880303675","error":""},"_links":{"self":[{"href":"https:\/\/www.europesays.com\/fr\/wp-json\/wp\/v2\/posts\/217229","targetHints":{"allow":["GET"]}}],"collection":[{"href":"https:\/\/www.europesays.com\/fr\/wp-json\/wp\/v2\/posts"}],"about":[{"href":"https:\/\/www.europesays.com\/fr\/wp-json\/wp\/v2\/types\/post"}],"author":[{"embeddable":true,"href":"https:\/\/www.europesays.com\/fr\/wp-json\/wp\/v2\/users\/2"}],"replies":[{"embeddable":true,"href":"https:\/\/www.europesays.com\/fr\/wp-json\/wp\/v2\/comments?post=217229"}],"version-history":[{"count":0,"href":"https:\/\/www.europesays.com\/fr\/wp-json\/wp\/v2\/posts\/217229\/revisions"}],"wp:featuredmedia":[{"embeddable":true,"href":"https:\/\/www.europesays.com\/fr\/wp-json\/wp\/v2\/media\/217230"}],"wp:attachment":[{"href":"https:\/\/www.europesays.com\/fr\/wp-json\/wp\/v2\/media?parent=217229"}],"wp:term":[{"taxonomy":"category","embeddable":true,"href":"https:\/\/www.europesays.com\/fr\/wp-json\/wp\/v2\/categories?post=217229"},{"taxonomy":"post_tag","embeddable":true,"href":"https:\/\/www.europesays.com\/fr\/wp-json\/wp\/v2\/tags?post=217229"}],"curies":[{"name":"wp","href":"https:\/\/api.w.org\/{rel}","templated":true}]}}