{"id":217243,"date":"2025-07-01T03:37:13","date_gmt":"2025-07-01T03:37:13","guid":{"rendered":"https:\/\/www.europesays.com\/fr\/217243\/"},"modified":"2025-07-01T03:37:13","modified_gmt":"2025-07-01T03:37:13","slug":"contrat-la-situation-contractuelle-de-leffectif-du-montpellier-herault-saison-2025-2026","status":"publish","type":"post","link":"https:\/\/www.europesays.com\/fr\/217243\/","title":{"rendered":"[Contrat] La situation contractuelle de l\u2019effectif du Montpellier H\u00e9rault \u2013 Saison 2025\/2026"},"content":{"rendered":"<p>Nouvelle saison, nouvel \u00e9tat des lieux. Il sera \u00e0 compl\u00e9ter.<\/p>\n<p>Le dernier mercato hivernal aura fini de mettre le bordel dans l\u2019effectif Pailladin. Un effectif restant qui aura \u00e9t\u00e9 incapable de lutter ne serait ce sur une journ\u00e9e pour son maintien. Aujourd\u2019hui, Zoumana Camara est l\u00e0 pour pr\u00e9parer l\u2019avenir et l\u2019avenir, il se passera en Ligue 2 avec le doux r\u00eave d\u2019une remont\u00e9e imm\u00e9diate. L\u2019une de ses premi\u00e8res missions sera de calibrer au mieux le groupe qui devra se battre pour cet objectif, alors que les premi\u00e8res interrogations ont du se poser, petit coup d\u2019\u0153il sur les forces en pr\u00e9sence et la dur\u00e9e des contrats pour de premi\u00e8res perspectives. Beaucoup d\u2019inconnus sur la dur\u00e9e de contrat des jeunes joueurs promus durant l\u2019intersaison.<\/p>\n<p>D\u00e9j\u00e0 tr\u00e8s actif sur le march\u00e9, quelles sont les perspectives du MHSC ? Tous les ind\u00e9sirables au salaire important trouveront ils une porte de sortie ?<\/p>\n<p>Benjamin Lecomte \u2013 Juin 2027<\/p>\n<p>Mathieu Michel \u2013 Juin XXXX<\/p>\n<p>Modibo Sagnan \u2013 Juin 2028<\/p>\n<p>Th\u00e9o Sainte-Luce \u2013 Juin 2027<\/p>\n<p>Enzo Tchato \u2013 Juin 2027<\/p>\n<p><strong>Falaye Sacko \u2013 Juin 2026<\/strong><\/p>\n<p><strong>Christopher Jullien \u2013 Juin 2026<\/strong><\/p>\n<p><strong>Kiki Kouyat\u00e9 \u2013 Juin 2026<\/strong><\/p>\n<p>Becir Omeragic \u2013 Juin 2027<\/p>\n<p>Lucas Mincarelli \u2013 Juin XXX<\/p>\n<p>Julien Laporte \u2013 Juin 2028<\/p>\n<p><strong>Naoufel El Hannach \u2013 Juin 2026 (pr\u00eat sans option d\u2019achat par le Paris SG)<\/strong><\/p>\n<p>Ya\u00ebl Mouanga \u2013 Juin XXXX<\/p>\n<p>Th\u00e9o Chennahi \u2013 Juin XXXX<\/p>\n<p><strong>Birama Tour\u00e9 \u2013 Juin 2026<\/strong><\/p>\n<p><strong>Jordan Ferri \u2013 Juin 2026<\/strong><\/p>\n<p><strong>T\u00e9ji Savanier \u2013 Juin 2026<\/strong><\/p>\n<p>Khalil Fayad \u2013 Juin 2027<\/p>\n<p><strong>Joris Chotard \u2013 Juin 2026<\/strong><\/p>\n<p>Nicolas Pays \u2013 Juin XXX<\/p>\n<p><strong>ATTAQUANTS:<\/strong><\/p>\n<p>Tanguy Coulibaly \u2013 Juin 2026<\/p>\n<p>Othmane Maamma \u2013 Juin 2027<\/p>\n<p>Yanis Issoufou \u2013 Juin XXXX<\/p>\n<p>Junior Ndiaye \u2013 Juin XXXX<\/p>\n<p>Axel Gu\u00e9guin \u2013 Juin XXXX<\/p>\n","protected":false},"excerpt":{"rendered":"Nouvelle saison, nouvel \u00e9tat des lieux. Il sera \u00e0 compl\u00e9ter. Le dernier mercato hivernal aura fini de mettre&hellip;\n","protected":false},"author":2,"featured_media":217244,"comment_status":"","ping_status":"","sticky":false,"template":"","format":"standard","meta":{"footnotes":""},"categories":[9599],"tags":[328,1111,11,3108,1777,674,1011,27,2208,12,2680,25],"class_list":{"0":"post-217243","1":"post","2":"type-post","3":"status-publish","4":"format-standard","5":"has-post-thumbnail","7":"category-montpellier","8":"tag-a-la-une","9":"tag-actu","10":"tag-actualites","11":"tag-contrat","12":"tag-eu","13":"tag-europe","14":"tag-fr","15":"tag-france","16":"tag-montpellier","17":"tag-news","18":"tag-occitanie","19":"tag-republique-francaise"},"share_on_mastodon":{"url":"https:\/\/pubeurope.com\/@fr\/114775893178750520","error":""},"_links":{"self":[{"href":"https:\/\/www.europesays.com\/fr\/wp-json\/wp\/v2\/posts\/217243","targetHints":{"allow":["GET"]}}],"collection":[{"href":"https:\/\/www.europesays.com\/fr\/wp-json\/wp\/v2\/posts"}],"about":[{"href":"https:\/\/www.europesays.com\/fr\/wp-json\/wp\/v2\/types\/post"}],"author":[{"embeddable":true,"href":"https:\/\/www.europesays.com\/fr\/wp-json\/wp\/v2\/users\/2"}],"replies":[{"embeddable":true,"href":"https:\/\/www.europesays.com\/fr\/wp-json\/wp\/v2\/comments?post=217243"}],"version-history":[{"count":0,"href":"https:\/\/www.europesays.com\/fr\/wp-json\/wp\/v2\/posts\/217243\/revisions"}],"wp:featuredmedia":[{"embeddable":true,"href":"https:\/\/www.europesays.com\/fr\/wp-json\/wp\/v2\/media\/217244"}],"wp:attachment":[{"href":"https:\/\/www.europesays.com\/fr\/wp-json\/wp\/v2\/media?parent=217243"}],"wp:term":[{"taxonomy":"category","embeddable":true,"href":"https:\/\/www.europesays.com\/fr\/wp-json\/wp\/v2\/categories?post=217243"},{"taxonomy":"post_tag","embeddable":true,"href":"https:\/\/www.europesays.com\/fr\/wp-json\/wp\/v2\/tags?post=217243"}],"curies":[{"name":"wp","href":"https:\/\/api.w.org\/{rel}","templated":true}]}}