{"id":217245,"date":"2025-07-01T03:41:19","date_gmt":"2025-07-01T03:41:19","guid":{"rendered":"https:\/\/www.europesays.com\/fr\/217245\/"},"modified":"2025-07-01T03:41:19","modified_gmt":"2025-07-01T03:41:19","slug":"le-portrait-de-boualem-sansal-sur-le-siege-de-la-region-denonce-par-stephane-gemmani","status":"publish","type":"post","link":"https:\/\/www.europesays.com\/fr\/217245\/","title":{"rendered":"Le portrait de Boualem Sansal sur le si\u00e8ge de la R\u00e9gion d\u00e9nonc\u00e9 par St\u00e9phane Gemmani"},"content":{"rendered":"<p itemprop=\"description\"><strong>Le conseiller r\u00e9gional PS, St\u00e9phane Gemmani, a r\u00e9agi \u00e0 l&rsquo;installation du portrait de Boualem Sansal sur la fa\u00e7ade du si\u00e8ge de la R\u00e9gion Auvergne-Rh\u00f4ne-Alpes.<\/strong><\/p>\n<p>Depuis ce vendredi 27 juin, le portrait de l\u2019auteur franco-alg\u00e9rien, Boualem Sansal figure sur la fa\u00e7ade du si\u00e8ge de la R\u00e9gion, dans le quartier de Confluence. Une initiative prise par Laurent Wauquiez.<\/p>\n<p>Mais, cette action n\u2019a pas laiss\u00e9 indiff\u00e9rent St\u00e9phane Gemmani, conseiller r\u00e9gional PS. Ce dernier a d\u00e9nonc\u00e9 l\u2019acte de Laurent Wauquiez \u00e0 travers un communiqu\u00e9 de presse. \u00ab\u00a0Je soutiens, comme beaucoup, sa libert\u00e9 d\u2019expression et le droit fondamental \u00e0 penser librement. Mais voir Laurent Wauquiez faire afficher son portrait sur la fa\u00e7ade de la R\u00e9gion Auvergne-Rh\u00f4ne-Alpes n\u2019a rien d\u2019un geste neutre ou d\u00e9sint\u00e9ress\u00e9. C\u2019est un nouvel acte d\u2019instrumentalisation. Une man\u0153uvre politique\u00a0\u00bb, \u00e9crit-il.<\/p>\n<p>Par la suite, St\u00e9phane Gemmani a d\u00e9clar\u00e9 que l\u2019extr\u00eame droite s\u2019appropriait la voix de Sansal parce qu\u2019il d\u00e9nonce l\u2019islamisme, mais oublie qu\u2019il combat le fanatisme et non la foi.<\/p>\n<p>\u00ab\u00a0Dans le m\u00eame temps, la R\u00e9gion soutient un spectacle mont\u00e9 par des r\u00e9seaux int\u00e9gristes, identitaires et ultraconservateurs, li\u00e9s \u00e0 la Fraternit\u00e9 Saint-Pie X et \u00e0 des mouvances comme G\u00e9n\u00e9ration Identitaire. Ce projet est financ\u00e9 par le Fonds du Bien Commun, structure farouchement oppos\u00e9e \u00e0 l\u2019IVG et aux principes de la\u00efcit\u00e9\u00a0\u00bb, continue St\u00e9phane Gemmani.<\/p>\n<p>L\u2019\u00e9lu PS a donc souhait\u00e9 montrer son soutien \u00e0 Boualem Sansal, tout en d\u00e9non\u00e7ant l\u2019utilisation politique r\u00e9alis\u00e9 par Laurent Wauquiez.<\/p>\n","protected":false},"excerpt":{"rendered":"Le conseiller r\u00e9gional PS, St\u00e9phane Gemmani, a r\u00e9agi \u00e0 l&rsquo;installation du portrait de Boualem Sansal sur la fa\u00e7ade&hellip;\n","protected":false},"author":2,"featured_media":217246,"comment_status":"","ping_status":"","sticky":false,"template":"","format":"standard","meta":{"footnotes":""},"categories":[9566],"tags":[1111,11,2813,2430,1109,251,1112,2811,1777,674,118,1011,27,21780,2731,14004,1922,1110,1114,108,12,316,25,2812,517,800],"class_list":{"0":"post-217245","1":"post","2":"type-post","3":"status-publish","4":"format-standard","5":"has-post-thumbnail","7":"category-grenoble","8":"tag-actu","9":"tag-actualites","10":"tag-article","11":"tag-auvergne-rhone-alpes","12":"tag-breves","13":"tag-culture","14":"tag-depeches","15":"tag-economique","16":"tag-eu","17":"tag-europe","18":"tag-faits-divers","19":"tag-fr","20":"tag-france","21":"tag-gf38","22":"tag-grenoble","23":"tag-grenoblemag","24":"tag-info","25":"tag-informations","26":"tag-infos","27":"tag-isere","28":"tag-news","29":"tag-politique","30":"tag-republique-francaise","31":"tag-sociale","32":"tag-sport","33":"tag-transports"},"share_on_mastodon":{"url":"https:\/\/pubeurope.com\/@fr\/114775908960534383","error":""},"_links":{"self":[{"href":"https:\/\/www.europesays.com\/fr\/wp-json\/wp\/v2\/posts\/217245","targetHints":{"allow":["GET"]}}],"collection":[{"href":"https:\/\/www.europesays.com\/fr\/wp-json\/wp\/v2\/posts"}],"about":[{"href":"https:\/\/www.europesays.com\/fr\/wp-json\/wp\/v2\/types\/post"}],"author":[{"embeddable":true,"href":"https:\/\/www.europesays.com\/fr\/wp-json\/wp\/v2\/users\/2"}],"replies":[{"embeddable":true,"href":"https:\/\/www.europesays.com\/fr\/wp-json\/wp\/v2\/comments?post=217245"}],"version-history":[{"count":0,"href":"https:\/\/www.europesays.com\/fr\/wp-json\/wp\/v2\/posts\/217245\/revisions"}],"wp:featuredmedia":[{"embeddable":true,"href":"https:\/\/www.europesays.com\/fr\/wp-json\/wp\/v2\/media\/217246"}],"wp:attachment":[{"href":"https:\/\/www.europesays.com\/fr\/wp-json\/wp\/v2\/media?parent=217245"}],"wp:term":[{"taxonomy":"category","embeddable":true,"href":"https:\/\/www.europesays.com\/fr\/wp-json\/wp\/v2\/categories?post=217245"},{"taxonomy":"post_tag","embeddable":true,"href":"https:\/\/www.europesays.com\/fr\/wp-json\/wp\/v2\/tags?post=217245"}],"curies":[{"name":"wp","href":"https:\/\/api.w.org\/{rel}","templated":true}]}}