{"id":217251,"date":"2025-07-01T03:48:19","date_gmt":"2025-07-01T03:48:19","guid":{"rendered":"https:\/\/www.europesays.com\/fr\/217251\/"},"modified":"2025-07-01T03:48:19","modified_gmt":"2025-07-01T03:48:19","slug":"face-a-la-canicule-strasbourg-sadapte","status":"publish","type":"post","link":"https:\/\/www.europesays.com\/fr\/217251\/","title":{"rendered":"face \u00e0 la canicule, Strasbourg s\u2019adapte !"},"content":{"rendered":"<p><strong>La capitale alsacienne suffoque et les temp\u00e9ratures ne vont pas redescendre cette semaine. Alors que <a href=\"https:\/\/www.bas-rhin.gouv.fr\/Actualites\/Fil-d-actualite\/Le-Bas-Rhin-place-en-vigilance-orange-canicule\" target=\"_blank\" rel=\"noopener nofollow\">le Bas-Rhin est en vigilance orange canicule<\/a> depuis le 29 juin, plusieurs bons r\u00e9flexes sont \u00e0 adopter. De plus, la Ville de Strasbourg a pris la d\u00e9cision de fermer partiellement ses \u00e9coles. On vous explique.\u00a0<\/strong><\/p>\n<p>Depuis plusieurs jours d\u00e9j\u00e0, il suffit d\u2019un petit coup d\u2019oeil sur le thermom\u00e8tre pour comprendre que <strong>la semaine va \u00eatre chaude, tr\u00e8s tr\u00e8s chaude<\/strong> : 32\u00b0C, 34\u00b0C, 37\u00b0C\u2026 \u00a0<strong>Plac\u00e9e par M\u00e9t\u00e9o-France en vigilance orange canicule depuis dimanche<\/strong>, l\u2019Alsace va continuer de transpirer.<\/p>\n<p>Bons r\u00e9flexes \u00e0 adopter, fermeture partielle des \u00e9coles, points d\u2019eau potable : <strong>on fait le point sur la situation et les solutions !<\/strong><\/p>\n<p>    <img width=\"800\" height=\"600\" src=\"https:\/\/www.europesays.com\/fr\/wp-content\/uploads\/2025\/07\/296797878_429271575628317_4365257039205175848_n.jpeg\" class=\"attachment-image-size-L size-image-size-L\" alt=\"Illustration canicule\" decoding=\"async\" loading=\"lazy\"  \/>         \u00a9 Coraline Lafon \/ Pokaa <\/p>\n<p>Les bons gestes \u00e0 adopter, pour vous et vos proches<\/p>\n<p>En raison des fortes chaleurs et de la canicule,<strong> plusieurs r\u00e9flexes peuvent \u00eatre adopt\u00e9s et la Ville de Strasbourg met \u00e9galement en place diff\u00e9rents dispositifs de pr\u00e9vention<\/strong>. Tout d\u2019abord, quelques conseils simples \u00e0 suivre :<\/p>\n<ul>\n<li><strong>boire fr\u00e9quemment de l\u2019eau sans attendre d\u2019avoir soif,<\/strong><\/li>\n<li>se rafra\u00eechir et se mouiller le corps plusieurs fois par jour,<\/li>\n<li>manger en quantit\u00e9 suffisante et ne pas boire de l\u2019alcool,<\/li>\n<li><strong>\u00e9viter de sortir aux heures les plus chaudes et si possible rester dans un lieu frais,<\/strong><\/li>\n<li>fermer les volets en journ\u00e9e et ouvrez les la nuit quand il fait plus frais,<\/li>\n<li>attention si vous prenez des traitements, <a href=\"https:\/\/www.ameli.fr\/assure\/sante\/medicaments\/effets-secondaires-et-interactions-lies-aux-medicaments\/prevenir-risques-medicaments-canicule\" target=\"_blank\" rel=\"noopener nofollow\">certains m\u00e9dicaments peuvent emp\u00eacher ou g\u00eaner la thermor\u00e9gulation du corps,<\/a><\/li>\n<li><strong>penser \u00e0 donner de vos nouvelles \u00e0 vos proches,<\/strong><\/li>\n<li>oser demander de l\u2019aide, d\u00e8s que c\u2019est n\u00e9cessaire,<\/li>\n<li>\u00e9viter les efforts physiques.<\/li>\n<\/ul>\n<p><strong>Ps : vous pouvez aussi vous faire plaisir avec une petite glace !\u00a0<\/strong><\/p>\n<p>                <img width=\"750\" height=\"500\" src=\"https:\/\/www.europesays.com\/fr\/wp-content\/uploads\/2025\/07\/11.jpg\" class=\"attachment-gallery size-gallery\" alt=\"soir\u00e9e concert nuit f\u00eate boire alcool\" data-full-url=\"https:\/\/www.europesays.com\/fr\/wp-content\/uploads\/2025\/07\/11.jpg\" decoding=\"async\" loading=\"lazy\"  \/>            <\/p>\n<p>                <img width=\"750\" height=\"500\" src=\"https:\/\/www.europesays.com\/fr\/wp-content\/uploads\/2025\/07\/MG_7485.jpg\" class=\"attachment-gallery size-gallery\" alt=\"femme t\u00e9l\u00e9phone solitude\" data-full-url=\"https:\/\/www.europesays.com\/fr\/wp-content\/uploads\/2025\/07\/MG_7485.jpg\" decoding=\"async\" loading=\"lazy\"  \/>            <\/p>\n<p>                    1. \u00a9 Document remis ; 2. \u00a9 Maria Fernandes \/ Pokaa<\/p>\n<p>De plus, <strong>un <a href=\"https:\/\/www.strasbourg.eu\/plan-canicule#:~:text=Le%20formulaire%20est%20disponible%20en,55%2055%20Ligne%20info%20canicule.\" target=\"_blank\" rel=\"noopener nofollow\">\u00ab registre canicule \u00bb<\/a> pour les personnes fragiles est disponible<\/strong> dans toutes les mairies de quartier et les centres m\u00e9dico-sociaux, ou sur simple appel t\u00e9l\u00e9phonique au 03 68 98 55 55 (Ligne Info canicule) mais aussi sur le site <a href=\"https:\/\/www.strasbourg.eu\/documents\/976405\/1162814\/formulaire_recensement_canicule.pdf\/a07754d0-7ba1-1b33-77cb-5899ed449133?version=4.0&amp;t=1750060094869\" target=\"_blank\" rel=\"noopener nofollow\" data-saferedirecturl=\"https:\/\/www.google.com\/url?q=https:\/\/www.strasbourg.eu\/documents\/976405\/1162814\/formulaire_recensement_canicule.pdf\/a07754d0-7ba1-1b33-77cb-5899ed449133?version%3D4.0%26t%3D1750060094869&amp;source=gmail&amp;ust=1751384637763000&amp;usg=AOvVaw1JE6opmXlqcLGNn8OOAoAn\">strasbourg.eu<\/a>.<\/p>\n<p><strong>Une carte permet \u00e9galement de localiser les points d\u2019eau potable de la ville,<\/strong> et elle est disponible <a href=\"https:\/\/www.strasbourg.eu\/plan-canicule#:~:text=Le%20formulaire%20est%20disponible%20en,55%2055%20Ligne%20info%20canicule.\" target=\"_blank\" rel=\"noopener nofollow\">en cliquant ici<\/a>. Et <strong>concernant les plans d\u2019eau ou les piscines,<\/strong> rendez-vous respectivement <a href=\"https:\/\/www.strasbourg.eu\/plans-eau\" target=\"_blank\" rel=\"noopener nofollow\">ici<\/a> et <a href=\"https:\/\/www.strasbourg.eu\/horaires-frequentation-piscines\" target=\"_blank\" rel=\"noopener nofollow\">ici<\/a> pour tout savoir sur les horaires et les fr\u00e9quentations.\u00a0<\/p>\n<p>    <img width=\"800\" height=\"600\" src=\"https:\/\/www.europesays.com\/fr\/wp-content\/uploads\/2025\/07\/img-1166-800x600.jpeg\" class=\"attachment-image-size-L size-image-size-L\" alt=\"baggersee plage \u00e9t\u00e9\" decoding=\"async\" loading=\"lazy\"  \/>         \u00a9 Anthony Jilli \/ Pokaa <\/p>\n<p>Les \u00e9coles partiellement ferm\u00e9es mardi 1er et jeudi 3 juillet<\/p>\n<p>En parall\u00e8le, par mesure de pr\u00e9caution et face aux fortes temp\u00e9ratures relev\u00e9es \u00e0 l\u2019int\u00e9rieur des \u00e9tablissements scolaires, <strong>la municipalit\u00e9 a pris la d\u00e9cision de fermer les \u00e9coles les mardi 1er et jeudi 3 juillet apr\u00e8s-midi apr\u00e8s la pause de midi.<\/strong><\/p>\n<p>\u00ab Cette d\u00e9cision a \u00e9t\u00e9 prise pour garantir avant tout la s\u00e9curit\u00e9 et la sant\u00e9 des enfants, ainsi que celle des \u00e9quipes \u00e9ducatives, qui restent la priorit\u00e9 absolue de la collectivit\u00e9 \u00bb, peut-on lire dans le communiqu\u00e9 de presse. <strong>Toutes les \u00e9coles maternelles et \u00e9l\u00e9mentaires sont concern\u00e9es !<\/strong><\/p>\n<p>Les parents d\u2019\u00e9l\u00e8ves scolaris\u00e9(e)s dans les \u00e9coles strasbourgeoises sont ainsi invit\u00e9(e)s, dans la mesure du possible, \u00e0 garder leurs enfants \u00e0 la maison l\u2019apr\u00e8s-midi. \u00ab Certaines familles ne disposant pas d\u2019une solution de garde alternative, <b>un accueil sera maintenu \u00e0 l\u2019\u00e9cole<\/b>. Les enseignants, les ATSEM et les animateurs resteront mobilis\u00e9s pour encadrer les enfants dans les meilleures conditions possibles malgr\u00e9 la chaleur. \u00bb<\/p>\n<p>    <img width=\"800\" height=\"571\" src=\"https:\/\/www.europesays.com\/fr\/wp-content\/uploads\/2025\/07\/p1037658-800x571.jpg\" class=\"attachment-image-size-L size-image-size-L\" alt=\"UEMA \u00e9cole autisme maternelle enfants\" decoding=\"async\" loading=\"lazy\"  \/>         \u00a9 L\u00e9a Daucourt \/ Pokaa <\/p>\n<p>La France face \u00e0 de tristes records<\/p>\n<p>Si 68 d\u00e9partements, dont le Bas-Rhin et le Haut-Rhin, vont rester en vigilance orange pour la journ\u00e9e de mardi (1er juillet), <strong>16 autres basculent en vigilance rouge avec des temp\u00e9ratures qui pourront d\u00e9passer localement les 40\u00b0C<\/strong> : le Val-d\u2019Oise, les Yvelines, Paris, la Seine-Saint-Denis, le Val-de-Marne, les Hauts-de-Seine, la Seine-et-Marne, l\u2019Essonne, l\u2019Aude, l\u2019Yonne, le Loiret, le Loir-et-Cher, le Cher, l\u2019Indre-et-Loire, l\u2019Indre et la Vienne.<\/p>\n<p>                <img width=\"437\" height=\"500\" src=\"https:\/\/www.europesays.com\/fr\/wp-content\/uploads\/2025\/07\/capture-decran-2025-06-30-a-204545-437x500.png\" class=\"attachment-gallery size-gallery\" alt=\"M\u00e9t\u00e9o France canicule 2025\" data-full-url=\"https:\/\/pokaa.fr\/wp-content\/uploads\/2025\/06\/30\/capture-decran-2025-06-30-a-204545.png\" decoding=\"async\" loading=\"lazy\"  \/>            <\/p>\n<p>                <img width=\"437\" height=\"500\" src=\"https:\/\/www.europesays.com\/fr\/wp-content\/uploads\/2025\/07\/capture-decran-2025-06-30-a-204614-437x500.png\" class=\"attachment-gallery size-gallery\" alt=\"M\u00e9t\u00e9o France canicule 2025\" data-full-url=\"https:\/\/pokaa.fr\/wp-content\/uploads\/2025\/06\/30\/capture-decran-2025-06-30-a-204614.png\" decoding=\"async\" loading=\"lazy\"  \/>            <\/p>\n<p>                    \u00a9 M\u00e9t\u00e9o-France \/ Captures d&rsquo;\u00e9cran<\/p>\n<p>    <img width=\"800\" height=\"600\" src=\"https:\/\/www.europesays.com\/fr\/wp-content\/uploads\/2025\/07\/img-9424-800x600.jpg\" class=\"attachment-image-size-L size-image-size-L\" alt=\"quai des Bateliers batorama\" decoding=\"async\" loading=\"lazy\"  \/>         \u00a9 Anthony Jilli \/ Pokaa <\/p>\n<p>Une \u00ab chaleur suffocante \u00bb selon M\u00e9t\u00e9o-France, d\u00e9clarant dans un communiqu\u00e9 que <strong>la France a connu dans la nuit de dimanche \u00e0 lundi sa nuit la plus chaude jamais enregistr\u00e9e en juin<\/strong>, avec 20,2\u00b0C contre 20,1\u00b0C en 2019. La journ\u00e9e de lundi (30 juin) atteint elle aussi un record mensuel.<\/p>\n<p><strong>Une vague de chaleur directement li\u00e9e au r\u00e9chauffement climatique caus\u00e9 par l\u2019humain, et qui n\u2019est pas \u00ab normale \u00bb, m\u00eame en \u00e9t\u00e9.<\/strong> Pour preuve, <a href=\"https:\/\/www.franceinfo.fr\/environnement\/evenements-meteorologiques-extremes\/vagues-de-chaleur-canicules\/plus-precoces-plus-intenses-et-plus-longues-visualisez-l-acceleration-des-vagues-de-chaleur-en-france_7317240.html\" target=\"_blank\" rel=\"noopener nofollow\">entre 1947 et 1957, la France n\u2019a connu que 4 vagues de chaleur, contre 20 pour la p\u00e9riode 2014-2024\u2026.<\/a><\/p>\n<p><strong>Et surtout, prenez soin de vous, de vos proches, de vos animaux de compagnie, \u00e0 la maison, au travail ou encore dans la rue !\u00a0<\/strong><\/p>\n","protected":false},"excerpt":{"rendered":"La capitale alsacienne suffoque et les temp\u00e9ratures ne vont pas redescendre cette semaine. Alors que le Bas-Rhin est&hellip;\n","protected":false},"author":2,"featured_media":217252,"comment_status":"","ping_status":"","sticky":false,"template":"","format":"standard","meta":{"footnotes":""},"categories":[2820],"tags":[1111,11,35690,6698,4019,1777,674,1011,27,775,12,5140,25,640],"class_list":{"0":"post-217251","1":"post","2":"type-post","3":"status-publish","4":"format-standard","5":"has-post-thumbnail","7":"category-strasbourg","8":"tag-actu","9":"tag-actualites","10":"tag-bons-gestes","11":"tag-canicule","12":"tag-ecoles","13":"tag-eu","14":"tag-europe","15":"tag-fr","16":"tag-france","17":"tag-grand-est","18":"tag-news","19":"tag-rechauffement-climatique","20":"tag-republique-francaise","21":"tag-strasbourg"},"share_on_mastodon":{"url":"https:\/\/pubeurope.com\/@fr\/114775936887977510","error":""},"_links":{"self":[{"href":"https:\/\/www.europesays.com\/fr\/wp-json\/wp\/v2\/posts\/217251","targetHints":{"allow":["GET"]}}],"collection":[{"href":"https:\/\/www.europesays.com\/fr\/wp-json\/wp\/v2\/posts"}],"about":[{"href":"https:\/\/www.europesays.com\/fr\/wp-json\/wp\/v2\/types\/post"}],"author":[{"embeddable":true,"href":"https:\/\/www.europesays.com\/fr\/wp-json\/wp\/v2\/users\/2"}],"replies":[{"embeddable":true,"href":"https:\/\/www.europesays.com\/fr\/wp-json\/wp\/v2\/comments?post=217251"}],"version-history":[{"count":0,"href":"https:\/\/www.europesays.com\/fr\/wp-json\/wp\/v2\/posts\/217251\/revisions"}],"wp:featuredmedia":[{"embeddable":true,"href":"https:\/\/www.europesays.com\/fr\/wp-json\/wp\/v2\/media\/217252"}],"wp:attachment":[{"href":"https:\/\/www.europesays.com\/fr\/wp-json\/wp\/v2\/media?parent=217251"}],"wp:term":[{"taxonomy":"category","embeddable":true,"href":"https:\/\/www.europesays.com\/fr\/wp-json\/wp\/v2\/categories?post=217251"},{"taxonomy":"post_tag","embeddable":true,"href":"https:\/\/www.europesays.com\/fr\/wp-json\/wp\/v2\/tags?post=217251"}],"curies":[{"name":"wp","href":"https:\/\/api.w.org\/{rel}","templated":true}]}}