{"id":217254,"date":"2025-07-01T03:50:11","date_gmt":"2025-07-01T03:50:11","guid":{"rendered":"https:\/\/www.europesays.com\/fr\/217254\/"},"modified":"2025-07-01T03:50:11","modified_gmt":"2025-07-01T03:50:11","slug":"le-couple-estrosi-et-delphine-ernotte-ne-sont-plus-en-garde-a-vue","status":"publish","type":"post","link":"https:\/\/www.europesays.com\/fr\/217254\/","title":{"rendered":"Le couple Estrosi et Delphine Ernotte ne sont plus en garde \u00e0 vue"},"content":{"rendered":"<p>Ils auront pass\u00e9 toute la journ\u00e9e devant les enqu\u00eateurs. Le maire de Nice <a href=\"https:\/\/www.20minutes.fr\/dossier\/christian_estrosi\" target=\"_blank\" class=\"color-ultramarine c-link\" rel=\"noopener\">Christian Estrosi<\/a>, son \u00e9pouse Laura Tenoudji et la pr\u00e9sidente de France T\u00e9l\u00e9visions, <a href=\"https:\/\/www.20minutes.fr\/dossier\/delphine-ernotte-cunci\" target=\"_blank\" class=\"color-ultramarine c-link\" rel=\"noopener\">Delphine Ernotte Cunci<\/a>, sont ressortis libres lundi soir apr\u00e8s avoir \u00e9t\u00e9 plac\u00e9s en garde \u00e0 vue dans le cadre d\u2019une enqu\u00eate sur l\u2019organisation d\u2019\u00e9v\u00e9nements \u00e0 Nice, dont l\u2019<a href=\"https:\/\/www.20minutes.fr\/arts-stars\/culture\/eurovision\/\" target=\"_blank\" class=\"color-ultramarine c-link\" rel=\"noopener\">Eurovision<\/a> Junior.<\/p>\n<p>\u00ab\u00a0A l\u2019issue des r\u00e9ponses que Christian Estrosi a apport\u00e9es, il a \u00e9t\u00e9 d\u00e9cid\u00e9 de lever la mesure sans lui notifier la moindre poursuite\u00a0\u00bb, a d\u00e9clar\u00e9 l\u2019avocat du maire Horizons, Me Mathias Chichportich. \u00ab\u00a0S\u2019il respecte le travail l\u00e9gitime des enqu\u00eateurs, mon client d\u00e9nonce l\u2019instrumentalisation politique de la justice \u00e0 laquelle se livrent ses opposants. Il rappelle qu\u2019une plainte en d\u00e9nonciation calomnieuse a \u00e9t\u00e9 d\u00e9pos\u00e9e \u00e0 leur encontre\u00a0\u00bb.<\/p>\n<p>Des tacles contre les \u00e9lus de l\u2019opposition<\/p>\n<p>\u00ab\u00a0Cette mise en cause par des \u00e9lus de l\u2019opposition, \u00e0 la veille d\u2019une nouvelle \u00e9ch\u00e9ance \u00e9lectorale, est particuli\u00e8rement choquante\u00a0\u00bb, a pour sa part insist\u00e9 Me Marie-Alix Canu-Bernard, avocate de Laura Tenoudji. Christian Estrosi, qui doit f\u00eater ce mardi ses 70 ans, a d\u00e9j\u00e0 annonc\u00e9 qu\u2019il serait candidat \u00e0 sa r\u00e9\u00e9lection en\u00a02026. \u00ab\u00a0S\u2019en prendre \u00e0 la femme de M. Estrosi, du seul fait qu\u2019elle est son \u00e9pouse, en dit long sur leur conception de la place et de l\u2019ind\u00e9pendance des femmes qui travaillent\u00a0!\u00a0\u00bb, a ajout\u00e9 l\u2019avocate. La patronne de <a href=\"https:\/\/www.20minutes.fr\/television\/france_televisions\/\" target=\"_blank\" class=\"color-ultramarine c-link\" rel=\"noopener\">France T\u00e9l\u00e9visions<\/a> est \u00e9galement \u00ab\u00a0ressortie libre et sans charges retenues contre elle\u00a0\u00bb, a indiqu\u00e9 son entourage.<\/p>\n<\/p>\n<p>Au total, une dizaine de personnes ont \u00e9t\u00e9 convoqu\u00e9es lundi dans le cadre d\u2019enqu\u00eates initialement ouvertes \u00e0 Nice puis transf\u00e9r\u00e9es \u00e0 la juridiction interr\u00e9gionale sp\u00e9cialis\u00e9e (Jirs) de Marseille, sur l\u2019organisation de deux \u00e9v\u00e9nements \u00e0 l\u2019automne\u00a02023 \u00e0 Nice.<\/p>\n<p>Les \u00e9poux Estrosi \u00ab\u00a0contestent avoir commis toute infraction\u00a0\u00bb<\/p>\n<p>Il s\u2019agit du concours de chant Eurovision Junior, organis\u00e9 et retransmis par France T\u00e9l\u00e9visions, et du colloque Nice Climate Summit, organis\u00e9 par le m\u00e9dia \u00e9conomique La Tribune, avait affirm\u00e9 la semaine derni\u00e8re \u00e0 l\u2019AFP une autre source proche, confirmant une information du site Mediapart. Le pr\u00e9sident de La Tribune, Jean-Christophe Tortora, \u00e9galement directeur g\u00e9n\u00e9ral de CMA M\u00e9dia, a lui aussi \u00e9t\u00e9 convoqu\u00e9 lundi.<\/p>\n<p><a href=\"https:\/\/www.20minutes.fr\/nice\/\" target=\"_blank\" class=\"c-link c-btn c-btn--primary\" rel=\"noopener\">Nos articles sur Nice<\/a><\/p>\n<p>Des enqu\u00eates sont notamment ouvertes pour \u00ab\u00a0d\u00e9tournement de fonds publics\u00a0\u00bb, \u00ab\u00a0prise ill\u00e9gale d\u2019int\u00e9r\u00eats\u00a0\u00bb ou encore \u00ab\u00a0faux en \u00e9criture publique\u00a0\u00bb, selon une source proche du dossier et Mediapart. Le site d\u2019information assure qu\u2019elles \u00ab\u00a0vise(nt) directement\u00a0\u00bb les \u00e9poux Estrosi, mari\u00e9s depuis\u00a02016, \u00ab\u00a0lesquels contestent avoir commis toute infraction\u00a0\u00bb.<\/p>\n","protected":false},"excerpt":{"rendered":"Ils auront pass\u00e9 toute la journ\u00e9e devant les enqu\u00eateurs. Le maire de Nice Christian Estrosi, son \u00e9pouse Laura&hellip;\n","protected":false},"author":2,"featured_media":217255,"comment_status":"","ping_status":"","sticky":false,"template":"","format":"standard","meta":{"footnotes":""},"categories":[2819],"tags":[1111,47,11,2898,2397,11255,19650,1067,1777,674,1011,27,2400,7774,303,12,2401,883,882,25,133],"class_list":{"0":"post-217254","1":"post","2":"type-post","3":"status-publish","4":"format-standard","5":"has-post-thumbnail","7":"category-nice","8":"tag-actu","9":"tag-actualite","10":"tag-actualites","11":"tag-alpes-maritimes","12":"tag-christian-estrosi","13":"tag-delphine-ernotte","14":"tag-detournement-de-fonds-publics","15":"tag-enquete","16":"tag-eu","17":"tag-europe","18":"tag-fr","19":"tag-france","20":"tag-france-televisions","21":"tag-garde-a-vue","22":"tag-justice","23":"tag-news","24":"tag-nice","25":"tag-paca","26":"tag-provence-alpes-cote-dazur","27":"tag-republique-francaise","28":"tag-video"},"share_on_mastodon":{"url":"https:\/\/pubeurope.com\/@fr\/114775944526589349","error":""},"_links":{"self":[{"href":"https:\/\/www.europesays.com\/fr\/wp-json\/wp\/v2\/posts\/217254","targetHints":{"allow":["GET"]}}],"collection":[{"href":"https:\/\/www.europesays.com\/fr\/wp-json\/wp\/v2\/posts"}],"about":[{"href":"https:\/\/www.europesays.com\/fr\/wp-json\/wp\/v2\/types\/post"}],"author":[{"embeddable":true,"href":"https:\/\/www.europesays.com\/fr\/wp-json\/wp\/v2\/users\/2"}],"replies":[{"embeddable":true,"href":"https:\/\/www.europesays.com\/fr\/wp-json\/wp\/v2\/comments?post=217254"}],"version-history":[{"count":0,"href":"https:\/\/www.europesays.com\/fr\/wp-json\/wp\/v2\/posts\/217254\/revisions"}],"wp:featuredmedia":[{"embeddable":true,"href":"https:\/\/www.europesays.com\/fr\/wp-json\/wp\/v2\/media\/217255"}],"wp:attachment":[{"href":"https:\/\/www.europesays.com\/fr\/wp-json\/wp\/v2\/media?parent=217254"}],"wp:term":[{"taxonomy":"category","embeddable":true,"href":"https:\/\/www.europesays.com\/fr\/wp-json\/wp\/v2\/categories?post=217254"},{"taxonomy":"post_tag","embeddable":true,"href":"https:\/\/www.europesays.com\/fr\/wp-json\/wp\/v2\/tags?post=217254"}],"curies":[{"name":"wp","href":"https:\/\/api.w.org\/{rel}","templated":true}]}}