{"id":21727,"date":"2025-04-13T08:18:13","date_gmt":"2025-04-13T08:18:13","guid":{"rendered":"https:\/\/www.europesays.com\/fr\/21727\/"},"modified":"2025-04-13T08:18:13","modified_gmt":"2025-04-13T08:18:13","slug":"lana-del-rey-de-retour-avec-henry-come-on-le-premier-extrait-de-son-10e-album-the-right-person-will-stay","status":"publish","type":"post","link":"https:\/\/www.europesays.com\/fr\/21727\/","title":{"rendered":"Lana Del Rey de retour avec Henry, come on, le premier extrait de son 10e album, The Right Person Will Stay"},"content":{"rendered":"<p>Pour son prochain disque, dont la sortie est pr\u00e9vue le 10 mai, la star s\u2019est entour\u00e9e de ses producteurs habituels Jack Antonoff et Drew Erickson.<\/p>\n<p class=\"fig-paragraph\">Les fans de la chanteuse sont aux anges. Annonc\u00e9 depuis le mois de janvier sur les r\u00e9seaux sociaux, le\u00a0<a href=\"http:\/\/www.lefigaro.fr\/musique\/le-charme-discret-de-lana-del-rey-en-ouverture-de-rock-en-seine-20240822\" data-fig-type=\"Article\" data-gtm-custom-categorie=\"navigation\" data-gtm-custom-action=\"crossclick\" data-gtm-custom-label=\"Contextuel\" data-gtm-event=\"customEventSPE\" data-fig-domain=\"LEFIGARO\" target=\"_blank\" rel=\"noopener\">nouveau single de Lana Del Rey<\/a>, qui s\u2019intitule Henry Come On, est sorti vendredi sur les plateformes de streaming. Il s\u2019agit du premier extrait de son dixi\u00e8me album studio The Right Person Will Stay pr\u00e9vu pour le 10 mai. Cette balade de cinq minutes s\u2019ouvre sur une introduction \u00e0 la guitare acoustique, rapidement enrichie par des envol\u00e9es de cordes et de harpe. On reconna\u00eet aussi la voix suave de l\u2019artiste, qui chante son amour pour Henry\u00a0: \u00ab Henry, come on \/ I mean baby, come on \/ Do you think I\u2019d really lose it on ya\u00a0? \/ If you did nothin\u2019 wrong\u00a0\u00bb que l\u2019on peut traduire en fran\u00e7ais par\u00a0: \u00ab Henry, viens l\u00e0 \/ Je veux dire b\u00e9b\u00e9, allez \/ Tu crois que je craquerais vraiment pour toi\u00a0? \/ Si tu n\u2019avais rien fait de mal\u00a0\u00bb.<\/p>\n<p>Un prochain album dans le pur style de la chanteuse<\/p>\n<p class=\"fig-paragraph\">Cela fait plus de deux ans que Lana Del Rey n\u2019a plus publi\u00e9 de nouvelles chansons si l\u2019on excepte son duo avec Quavo, Tough, diffus\u00e9 en juillet 2024 et sa participation dans la chanson de\u00a0<a href=\"http:\/\/www.lefigaro.fr\/culture\/the-weeknd-offre-1-8-million-d-euros-pour-l-approvisionnement-des-habitants-de-gaza-20240502\" data-fig-type=\"Article\" data-gtm-custom-categorie=\"navigation\" data-gtm-custom-action=\"crossclick\" data-gtm-custom-label=\"Contextuel\" data-gtm-event=\"customEventSPE\" data-fig-domain=\"LEFIGARO\" target=\"_blank\" rel=\"noopener\">The Weeknd,<\/a>\u00a0The Abyss mis en ligne en janvier 2025. Son nouveau disque, qui devait initialement s\u2019appeler Lasso et contenir des chansons aux accents country, a finalement chang\u00e9 de concept. Pour sa conception, la star am\u00e9ricaine a fait appel \u00e0 ses fid\u00e8les collaborateurs, les producteurs Jack Antonoff et Drew Erickson. Ensemble, ils ont compos\u00e9 et \u00e9crit 13 chansons que la chanteuse qualifie de \u00ab sudiste gothique\u00a0\u00bb aupr\u00e8s du magazine\u00a0<a href=\"https:\/\/www.vogue.it\/article\/lana-del-rey-intervista-foto-vogue-italia\" target=\"_blank\" rel=\"nofollow noopener\" data-gtm-custom-categorie=\"navigation\" data-gtm-custom-action=\"crossclick\" data-gtm-custom-label=\"Contextuel\" data-gtm-event=\"customEventSPE\">Vogue Italia<\/a> . Son album sera enfin, largement d\u00e9di\u00e9 \u00e0 son nouveau mari.<\/p><\/p>\n","protected":false},"excerpt":{"rendered":"Pour son prochain disque, dont la sortie est pr\u00e9vue le 10 mai, la star s\u2019est entour\u00e9e de ses&hellip;\n","protected":false},"author":2,"featured_media":21728,"comment_status":"","ping_status":"","sticky":false,"template":"","format":"standard","meta":{"footnotes":""},"categories":[1355],"tags":[2937,2932,2935,1696,2934,58,2933,59,1011,27,7464,1361,873,2936,1698,7206],"class_list":{"0":"post-21727","1":"post","2":"type-post","3":"status-publish","4":"format-standard","5":"has-post-thumbnail","7":"category-musique","8":"tag-artistes","9":"tag-cd","10":"tag-chansons","11":"tag-chanteur","12":"tag-chason","13":"tag-divertissement","14":"tag-dvd","15":"tag-entertainment","16":"tag-fr","17":"tag-france","18":"tag-lana-del-rey","19":"tag-music","20":"tag-musique","21":"tag-musique-classique","22":"tag-musiques","23":"tag-nouvel-album"},"share_on_mastodon":{"url":"https:\/\/pubeurope.com\/@fr\/114329675713529187","error":""},"_links":{"self":[{"href":"https:\/\/www.europesays.com\/fr\/wp-json\/wp\/v2\/posts\/21727","targetHints":{"allow":["GET"]}}],"collection":[{"href":"https:\/\/www.europesays.com\/fr\/wp-json\/wp\/v2\/posts"}],"about":[{"href":"https:\/\/www.europesays.com\/fr\/wp-json\/wp\/v2\/types\/post"}],"author":[{"embeddable":true,"href":"https:\/\/www.europesays.com\/fr\/wp-json\/wp\/v2\/users\/2"}],"replies":[{"embeddable":true,"href":"https:\/\/www.europesays.com\/fr\/wp-json\/wp\/v2\/comments?post=21727"}],"version-history":[{"count":0,"href":"https:\/\/www.europesays.com\/fr\/wp-json\/wp\/v2\/posts\/21727\/revisions"}],"wp:featuredmedia":[{"embeddable":true,"href":"https:\/\/www.europesays.com\/fr\/wp-json\/wp\/v2\/media\/21728"}],"wp:attachment":[{"href":"https:\/\/www.europesays.com\/fr\/wp-json\/wp\/v2\/media?parent=21727"}],"wp:term":[{"taxonomy":"category","embeddable":true,"href":"https:\/\/www.europesays.com\/fr\/wp-json\/wp\/v2\/categories?post=21727"},{"taxonomy":"post_tag","embeddable":true,"href":"https:\/\/www.europesays.com\/fr\/wp-json\/wp\/v2\/tags?post=21727"}],"curies":[{"name":"wp","href":"https:\/\/api.w.org\/{rel}","templated":true}]}}