{"id":217277,"date":"2025-07-01T04:05:19","date_gmt":"2025-07-01T04:05:19","guid":{"rendered":"https:\/\/www.europesays.com\/fr\/217277\/"},"modified":"2025-07-01T04:05:19","modified_gmt":"2025-07-01T04:05:19","slug":"pourquoi-la-reapparition-des-rapaces-en-ile-de-france-est-une-bonne-nouvelle-pour-la-nature-et-le-climat","status":"publish","type":"post","link":"https:\/\/www.europesays.com\/fr\/217277\/","title":{"rendered":"Pourquoi la r\u00e9apparition des rapaces en \u00cele-de-France est une bonne nouvelle pour la nature et le climat\u00a0?"},"content":{"rendered":"<p>La derni\u00e8re \u00e9dition par WWF du rapport annuel \u00ab\u00a0Plan\u00e8te vivante\u00a0\u00bb le montre\u00a0: <a href=\"https:\/\/www.humanite.fr\/environnement\/animaux\/biodiversite-les-populations-danimaux-sauvages-ont-baisse-de-73-en-50-ans-alerte-le-wwf\" target=\"_blank\" rel=\"noopener\">les populations de vert\u00e9br\u00e9s sauvages ont d\u00e9clin\u00e9 de 73\u00a0% depuis 1970<\/a>. Concernant les animaux menac\u00e9s, pr\u00e8s d\u2019un tiers des esp\u00e8ces pourrait dispara\u00eetre d\u2019ici \u00e0 2070. Mais un rayon de soleil appara\u00eet dans ce ciel bien nuageux de la biodiversit\u00e9.<\/p>\n<p>Plusieurs esp\u00e8ces de rapace ont \u00e9t\u00e9 aper\u00e7ues r\u00e9cemment dans la r\u00e9gion parisienne\u00a0: l\u2019aigle bott\u00e9, le faucon p\u00e8lerin, le balbuzard p\u00eacheur, le milan royal\u2026 Et parce que tout s\u2019explique en mati\u00e8re d\u2019\u00e9volution du vivant\u00a0: cette r\u00e9apparition est la cons\u00e9quence de l\u2019interdiction du pesticide DDT dans les ann\u00e9es 1970.<\/p>\n<p>\u00c0 l\u2019\u00e9poque, les cons\u00e9quences de son utilisation avaient eu des effets d\u00e9sastreux sur les rapaces en provoquant \u00ab\u00a0des probl\u00e8mes de mortalit\u00e9 des embryons ou des \u0153ufs, trop fragiles\u00a0\u00bb, <a href=\"https:\/\/www.tf1info.fr\/environnement-ecologie\/video-reportage-pourquoi-le-grand-retour-et-l-apparition-de-rapaces-en-region-parisienne-est-une-tres-bonne-nouvelle-2344533.html\" target=\"_blank\" rel=\"noopener\">comme l\u2019a pr\u00e9cis\u00e9 Fr\u00e9d\u00e9ric Malher, membre de la Ligue de protection des oiseaux aupr\u00e8s de nos confr\u00e8res de TF1<\/a>. Il aura donc fallu attendre plusieurs d\u00e9cennies pour voir le retour des rapaces\u00a0!<\/p>\n<p>La Terre de nos batailles<\/p>\n<p><strong>La justice climatique,<\/strong> c\u2019est notre bataille. Celle qui relie luttes environnementales et sociales pour contrer un syst\u00e8me capitaliste faisant ventre de tout. Du vivant, de la plan\u00e8te, de notre humanit\u00e9.<\/p>\n<p><strong>Il n\u2019y a pas de fatalit\u00e9. <\/strong><\/p>\n<ul class=\"wp-block-list\">\n<li>Nous d\u00e9masquons les manipulations des lobbies. <\/li>\n<li>Nous battons en br\u00e8che les d\u00e9nis climatiques mortif\u00e8res. <\/li>\n<li>Nous mettons en valeur les initiatives visant \u00e0 r\u00e9duire les in\u00e9galit\u00e9s environnementales et les fractures sociales.<\/li>\n<\/ul>\n<p><strong>Soutenez-nous.<\/strong><br \/><a href=\"https:\/\/www.humanite.fr\/lhumanite-cest-vous\" data-type=\"link\" data-id=\"https:\/\/www.humanite.fr\/lhumanite-cest-vous\" target=\"_blank\" rel=\"noopener\">Je veux en savoir plus<\/a><\/p>\n","protected":false},"excerpt":{"rendered":"La derni\u00e8re \u00e9dition par WWF du rapport annuel \u00ab\u00a0Plan\u00e8te vivante\u00a0\u00bb le montre\u00a0: les populations de vert\u00e9br\u00e9s sauvages ont&hellip;\n","protected":false},"author":2,"featured_media":217278,"comment_status":"","ping_status":"","sticky":false,"template":"","format":"standard","meta":{"footnotes":""},"categories":[1592],"tags":[1111,11,2085,1777,674,1011,27,662,12,626,25],"class_list":{"0":"post-217277","1":"post","2":"type-post","3":"status-publish","4":"format-standard","5":"has-post-thumbnail","7":"category-ile-de-france","8":"tag-actu","9":"tag-actualites","10":"tag-biodiversitu00e9","11":"tag-eu","12":"tag-europe","13":"tag-fr","14":"tag-france","15":"tag-ile-de-france","16":"tag-news","17":"tag-paris","18":"tag-republique-francaise"},"share_on_mastodon":{"url":"https:\/\/pubeurope.com\/@fr\/114776003299577384","error":""},"_links":{"self":[{"href":"https:\/\/www.europesays.com\/fr\/wp-json\/wp\/v2\/posts\/217277","targetHints":{"allow":["GET"]}}],"collection":[{"href":"https:\/\/www.europesays.com\/fr\/wp-json\/wp\/v2\/posts"}],"about":[{"href":"https:\/\/www.europesays.com\/fr\/wp-json\/wp\/v2\/types\/post"}],"author":[{"embeddable":true,"href":"https:\/\/www.europesays.com\/fr\/wp-json\/wp\/v2\/users\/2"}],"replies":[{"embeddable":true,"href":"https:\/\/www.europesays.com\/fr\/wp-json\/wp\/v2\/comments?post=217277"}],"version-history":[{"count":0,"href":"https:\/\/www.europesays.com\/fr\/wp-json\/wp\/v2\/posts\/217277\/revisions"}],"wp:featuredmedia":[{"embeddable":true,"href":"https:\/\/www.europesays.com\/fr\/wp-json\/wp\/v2\/media\/217278"}],"wp:attachment":[{"href":"https:\/\/www.europesays.com\/fr\/wp-json\/wp\/v2\/media?parent=217277"}],"wp:term":[{"taxonomy":"category","embeddable":true,"href":"https:\/\/www.europesays.com\/fr\/wp-json\/wp\/v2\/categories?post=217277"},{"taxonomy":"post_tag","embeddable":true,"href":"https:\/\/www.europesays.com\/fr\/wp-json\/wp\/v2\/tags?post=217277"}],"curies":[{"name":"wp","href":"https:\/\/api.w.org\/{rel}","templated":true}]}}