{"id":217279,"date":"2025-07-01T04:06:12","date_gmt":"2025-07-01T04:06:12","guid":{"rendered":"https:\/\/www.europesays.com\/fr\/217279\/"},"modified":"2025-07-01T04:06:12","modified_gmt":"2025-07-01T04:06:12","slug":"canicule-16-departements-dont-ceux-dile-de-france-basculent-mardi-en-vigilance-rouge","status":"publish","type":"post","link":"https:\/\/www.europesays.com\/fr\/217279\/","title":{"rendered":"Canicule\u00a0: 16 d\u00e9partements, dont ceux d\u2019\u00cele-de-France, basculent mardi en vigilance rouge"},"content":{"rendered":"<p class=\"paragraph text_align_left lp-f-body-02\">Le niveau maximal est enclench\u00e9. <a href=\"https:\/\/www.leparisien.fr\/meteo\/direct-canicule-en-france-du-jamais-vu-avec-84-departements-en-vigilance-orange-30-06-2025-JQCCMLWWUBHRPPFOXI6H3JPUXQ.php\" target=\"_blank\" rel=\"nofollow noopener\">M\u00e9t\u00e9o France a plac\u00e9 en vigilance rouge canicule 16 d\u00e9partements<\/a> mardi. 68 d\u00e9partements restent eux en orange.<\/p>\n<p class=\"paragraph text_align_left lp-f-body-02\">Parmi les 16 d\u00e9partements plac\u00e9s en vigilance rouge canicule ce mardi, figurent les huit d\u2019\u00cele-de-France, l\u2019Aube, l\u2019Yonne, le Loiret, le Loir-et-Cher, le Cher, l\u2019Indre-et-Loire, l\u2019Indre, et la Vienne.<\/p>\n<p class=\"paragraph text_align_left lp-f-body-02\">68 autres d\u00e9partements restent en vigilance orange canicule ce mardi.<\/p>\n<p class=\"paragraph text_align_left lp-f-body-02\">Une vague de chaleur d\u2019un niveau caniculaire touche la quasi-totalit\u00e9 du territoire : la journ\u00e9e de mardi et la nuit de mardi \u00e0 mercredi, la chaleur sera particuli\u00e8rement \u00e9prouvante sur le Bassin parisien, pr\u00e9cise l\u2019organisme m\u00e9t\u00e9orologique.<\/p>\n<p class=\"title-embed-dailymotion lp-color-text lp-f-subtitle-04\">Vid\u00e9oVague de chaleur en France : une p\u00e9riode de canicule \u00ab\u00a0in\u00e9dite\u00a0\u00bb<\/p>\n<p class=\"paragraph text_align_left lp-f-body-02\">\u00ab Mardi sera la journ\u00e9e la plus chaude de cet \u00e9pisode caniculaire avec des minimales tr\u00e8s \u00e9lev\u00e9es, comprises entre 20 et 24 \u00b0C voire un peu plus tr\u00e8s localement et des maximales atteignant 36 \u00e0 40 \u00b0C avec quelques pointes \u00e0 41 \u00b0C dans les d\u00e9partements en vigilance rouge \u00bb, pr\u00e9cise M\u00e9t\u00e9o France. La derni\u00e8re vigilance rouge canicule remonte au mois d\u2019ao\u00fbt 2023. <b>&gt;&gt; Plus d\u2019informations \u00e0 suivre sur leparisien.fr<\/b><\/p>\n","protected":false},"excerpt":{"rendered":"Le niveau maximal est enclench\u00e9. M\u00e9t\u00e9o France a plac\u00e9 en vigilance rouge canicule 16 d\u00e9partements mardi. 68 d\u00e9partements&hellip;\n","protected":false},"author":2,"featured_media":217280,"comment_status":"","ping_status":"","sticky":false,"template":"","format":"standard","meta":{"footnotes":""},"categories":[1592],"tags":[1111,11,1777,674,1011,27,662,2487,12,626,25],"class_list":{"0":"post-217279","1":"post","2":"type-post","3":"status-publish","4":"format-standard","5":"has-post-thumbnail","7":"category-ile-de-france","8":"tag-actu","9":"tag-actualites","10":"tag-eu","11":"tag-europe","12":"tag-fr","13":"tag-france","14":"tag-ile-de-france","15":"tag-meteo","16":"tag-news","17":"tag-paris","18":"tag-republique-francaise"},"share_on_mastodon":{"url":"https:\/\/pubeurope.com\/@fr\/114776007204859065","error":""},"_links":{"self":[{"href":"https:\/\/www.europesays.com\/fr\/wp-json\/wp\/v2\/posts\/217279","targetHints":{"allow":["GET"]}}],"collection":[{"href":"https:\/\/www.europesays.com\/fr\/wp-json\/wp\/v2\/posts"}],"about":[{"href":"https:\/\/www.europesays.com\/fr\/wp-json\/wp\/v2\/types\/post"}],"author":[{"embeddable":true,"href":"https:\/\/www.europesays.com\/fr\/wp-json\/wp\/v2\/users\/2"}],"replies":[{"embeddable":true,"href":"https:\/\/www.europesays.com\/fr\/wp-json\/wp\/v2\/comments?post=217279"}],"version-history":[{"count":0,"href":"https:\/\/www.europesays.com\/fr\/wp-json\/wp\/v2\/posts\/217279\/revisions"}],"wp:featuredmedia":[{"embeddable":true,"href":"https:\/\/www.europesays.com\/fr\/wp-json\/wp\/v2\/media\/217280"}],"wp:attachment":[{"href":"https:\/\/www.europesays.com\/fr\/wp-json\/wp\/v2\/media?parent=217279"}],"wp:term":[{"taxonomy":"category","embeddable":true,"href":"https:\/\/www.europesays.com\/fr\/wp-json\/wp\/v2\/categories?post=217279"},{"taxonomy":"post_tag","embeddable":true,"href":"https:\/\/www.europesays.com\/fr\/wp-json\/wp\/v2\/tags?post=217279"}],"curies":[{"name":"wp","href":"https:\/\/api.w.org\/{rel}","templated":true}]}}