{"id":217283,"date":"2025-07-01T04:08:15","date_gmt":"2025-07-01T04:08:15","guid":{"rendered":"https:\/\/www.europesays.com\/fr\/217283\/"},"modified":"2025-07-01T04:08:15","modified_gmt":"2025-07-01T04:08:15","slug":"canicule-dans-quel-cas-passe-t-on-en-vigilance-rouge","status":"publish","type":"post","link":"https:\/\/www.europesays.com\/fr\/217283\/","title":{"rendered":"Canicule\u00a0: dans quel cas passe-t-on en vigilance rouge\u00a0?"},"content":{"rendered":"<p class=\"paragraph text_align_left lp-f-body-02\">Le mercure continue de grimper dans l\u2019Hexagone. <a href=\"https:\/\/www.leparisien.fr\/meteo\/canicule-84-departements-en-alerte-orange-le-gouvernement-appelle-a-la-vigilance-29-06-2025-V5ZJ26HJVZHLDCMNLQ6H3MJRQQ.php\" target=\"_blank\" rel=\"noreferrer noopener\">16 d\u00e9partements<\/a> ont \u00e9t\u00e9 plac\u00e9s en vigilance rouge canicule pour mardi, a alert\u00e9 M\u00e9t\u00e9o France lundi apr\u00e8s-midi. Les pr\u00e9visionnistes s\u2019attendent \u00e0 \u00ab des minimales tr\u00e8s \u00e9lev\u00e9es, comprises entre 20 et 24 \u00b0C voire un peu plus tr\u00e8s localement et des maximales atteignant 36 \u00e0 40 \u00b0C avec quelques pointes \u00e0 41 \u00b0C dans les d\u00e9partements en vigilance rouge. \u00bb<\/p>\n<p class=\"paragraph text_align_left lp-f-body-02\">Ce niveau d\u2019alerte, activ\u00e9 pour la derni\u00e8re fois \u00e0 l\u2019\u00e9t\u00e9 2023, r\u00e9pond \u00e0 des crit\u00e8res bien pr\u00e9cis.<\/p>\n<p class=\"paragraph text_align_left lp-f-body-02\">\u00ab Il correspond \u00e0 une canicule extr\u00eame, exceptionnelle par sa dur\u00e9e, son intensit\u00e9, son extension g\u00e9ographique, pr\u00e9sentant un fort impact sanitaire pour l\u2019ensemble de la population, ainsi que des impacts soci\u00e9taux (am\u00e9nagement ou arr\u00eat de certaines activit\u00e9s, etc.) \u00bb, pr\u00e9cise le service presse de M\u00e9t\u00e9o France au Parisien.<\/p>\n<p class=\"paragraph text_align_left lp-f-body-02\">Un syst\u00e8me de crit\u00e8res a \u00e9t\u00e9 \u00e9tabli pour chaque d\u00e9partement. Il s\u2019appuie sur \u00ab les impacts sanitaires constat\u00e9s des fortes temp\u00e9ratures (maximales et minimales) \u00bb , d\u00e9taille M\u00e9t\u00e9o France.<\/p>\n<p>Une d\u00e9cision en accord avec les minist\u00e8res<\/p>\n<p class=\"paragraph text_align_left lp-f-body-02\">Le d\u00e9clenchement d\u2019une telle vigilance est d\u00e9termin\u00e9 par l\u2019institut de pr\u00e9visions, mais pas que. Il \u00ab rel\u00e8ve d\u2019une d\u00e9cision prise par M\u00e9t\u00e9o France en accord avec le minist\u00e8re charg\u00e9 de la Sant\u00e9 \u00bb, pr\u00e9cise le minist\u00e8re de la Sant\u00e9 sur son <a href=\"https:\/\/sante.gouv.fr\/sante-et-environnement\/risques-climatiques\/article\/la-gestion-sanitaire-des-vagues-de-chaleur\" target=\"_blank\" rel=\"noreferrer noopener\">site<\/a>.<\/p>\n<p class=\"paragraph text_align_left lp-f-body-02\">Les autres minist\u00e8res, comme celui de l\u2019Int\u00e9rieur, peuvent \u00eatre concern\u00e9s par cette d\u00e9cision \u00ab eu \u00e9gard \u00e0 la diversit\u00e9 des impacts attendus autres que sanitaires (soci\u00e9taux, \u00e9conomiques, environnementaux) \u00bb.<\/p>\n<p class=\"paragraph text_align_left lp-f-body-02\">En cas de d\u00e9clenchement d\u2019une telle vigilance, Sant\u00e9 publique France met en place une surveillance sanitaire \u00ab pour identifier rapidement un impact inhabituel afin de d\u00e9crire les impacts observ\u00e9s et <a href=\"https:\/\/www.leparisien.fr\/societe\/canicule-le-ministere-de-leducation-appelle-les-enseignants-et-les-examinateurs-a-la-vigilance-en-classe-29-06-2025-K6JSKIMEFNFR3IKKEI2PTWQG6A.php\" target=\"_self\" rel=\"noopener\">d\u2019adapter les mesures de gestion \u00e0 mettre en place \u00ab face aux fortes chaleurs<\/a> \u00bb.<\/p>\n<p>Des consignes de s\u00e9curit\u00e9 en place<\/p>\n<p class=\"paragraph text_align_left lp-f-body-02\">De son c\u00f4t\u00e9, M\u00e9t\u00e9o France recommande de se tenir r\u00e9guli\u00e8rement inform\u00e9 de l\u2019\u00e9volution de la situation et de respecter \u00ab les consignes de s\u00e9curit\u00e9 \u00e9mises par les pouvoirs publics \u00bb.<\/p>\n<p class=\"title-embed-dailymotion lp-color-text lp-f-subtitle-04\">Vid\u00e9oVague de chaleur en France : une p\u00e9riode de canicule \u00ab\u00a0in\u00e9dite\u00a0\u00bb<\/p>\n<p class=\"paragraph text_align_left lp-f-body-02\">Les pr\u00e9fets des d\u00e9partements plac\u00e9s en vigilance rouge peuvent interdire ou limiter l\u2019ampleur de certains \u00e9v\u00e9nements comme des manifestations sportives ou des festivals. Des consignes peuvent aussi \u00eatre diffus\u00e9es, notamment aux cr\u00e8ches et aux centres de loisirs, et certains \u00e9tablissements peuvent \u00eatre amen\u00e9s \u00e0 fermer, en cas de temp\u00e9rature trop \u00e9lev\u00e9e.<\/p>\n<p class=\"paragraph text_align_left lp-f-body-02\">Les conseils de comportement (boire beaucoup d\u2019eau, \u00e9viter les efforts physiques, fr\u00e9quenter des endroits frais, mouiller son corps, a\u00e9rer la nuit\u2026) sont les m\u00eames que pour les d\u00e9partements en vigilance orange, mais avec une insistance sur le fait qu\u2019ils s\u2019appliquent m\u00eame pour les sujets en bonne sant\u00e9.<\/p>\n","protected":false},"excerpt":{"rendered":"Le mercure continue de grimper dans l\u2019Hexagone. 16 d\u00e9partements ont \u00e9t\u00e9 plac\u00e9s en vigilance rouge canicule pour mardi,&hellip;\n","protected":false},"author":2,"featured_media":217284,"comment_status":"","ping_status":"","sticky":false,"template":"","format":"standard","meta":{"footnotes":""},"categories":[1888],"tags":[1111,1928,11,1927,1777,674,1011,27,2487,12,1926,626,1925,25,2955],"class_list":{"0":"post-217283","1":"post","2":"type-post","3":"status-publish","4":"format-standard","5":"has-post-thumbnail","7":"category-paris","8":"tag-actu","9":"tag-actu-paris","10":"tag-actualites","11":"tag-actualites-paris","12":"tag-eu","13":"tag-europe","14":"tag-fr","15":"tag-france","16":"tag-meteo","17":"tag-news","18":"tag-news-paris","19":"tag-paris","20":"tag-paris-news","21":"tag-republique-francaise","22":"tag-videos"},"share_on_mastodon":{"url":"https:\/\/pubeurope.com\/@fr\/114776015039812696","error":""},"_links":{"self":[{"href":"https:\/\/www.europesays.com\/fr\/wp-json\/wp\/v2\/posts\/217283","targetHints":{"allow":["GET"]}}],"collection":[{"href":"https:\/\/www.europesays.com\/fr\/wp-json\/wp\/v2\/posts"}],"about":[{"href":"https:\/\/www.europesays.com\/fr\/wp-json\/wp\/v2\/types\/post"}],"author":[{"embeddable":true,"href":"https:\/\/www.europesays.com\/fr\/wp-json\/wp\/v2\/users\/2"}],"replies":[{"embeddable":true,"href":"https:\/\/www.europesays.com\/fr\/wp-json\/wp\/v2\/comments?post=217283"}],"version-history":[{"count":0,"href":"https:\/\/www.europesays.com\/fr\/wp-json\/wp\/v2\/posts\/217283\/revisions"}],"wp:featuredmedia":[{"embeddable":true,"href":"https:\/\/www.europesays.com\/fr\/wp-json\/wp\/v2\/media\/217284"}],"wp:attachment":[{"href":"https:\/\/www.europesays.com\/fr\/wp-json\/wp\/v2\/media?parent=217283"}],"wp:term":[{"taxonomy":"category","embeddable":true,"href":"https:\/\/www.europesays.com\/fr\/wp-json\/wp\/v2\/categories?post=217283"},{"taxonomy":"post_tag","embeddable":true,"href":"https:\/\/www.europesays.com\/fr\/wp-json\/wp\/v2\/tags?post=217283"}],"curies":[{"name":"wp","href":"https:\/\/api.w.org\/{rel}","templated":true}]}}