{"id":217297,"date":"2025-07-01T04:16:18","date_gmt":"2025-07-01T04:16:18","guid":{"rendered":"https:\/\/www.europesays.com\/fr\/217297\/"},"modified":"2025-07-01T04:16:18","modified_gmt":"2025-07-01T04:16:18","slug":"lallemagne-exprime-son-inquietude-face-aux-victimes-lors-dune-distribution-daide-alimentaire-a-gaza","status":"publish","type":"post","link":"https:\/\/www.europesays.com\/fr\/217297\/","title":{"rendered":"L&rsquo;Allemagne exprime son inqui\u00e9tude face aux victimes lors d&rsquo;une distribution d&rsquo;aide alimentaire \u00e0 Gaza"},"content":{"rendered":"<p style=\"text-align:justify\">\u00a0<\/p>\n<p style=\"text-align:justify\">Berlin, le 30 juin 2025, WAFA \u2013 Le gouvernement allemand a exprim\u00e9 sa profonde inqui\u00e9tude face au grand nombre de victimes autour des sites de distribution alimentaire dans la bande de Gaza.<\/p>\n<p style=\"text-align:justify\">Le porte-parole du gouvernement, Stefan Cornelius, a d\u00e9clar\u00e9 lundi, \u00e0 Berlin\u00a0: \u00ab\u00a0Nous sommes profond\u00e9ment pr\u00e9occup\u00e9s par les informations quasi quotidiennes faisant \u00e9tat d&rsquo;incidents et de violences li\u00e9s \u00e0 la distribution alimentaire.\u00bb<\/p>\n<p style=\"text-align:justify\">Il a ajout\u00e9\u00a0: \u00ab\u00a0Il y a toujours des victimes et des bless\u00e9s, et le gouvernement allemand suit de tr\u00e8s pr\u00e8s la situation.\u00bb<\/p>\n<p style=\"text-align:justify\">Cornelius a soulign\u00e9 que la reprise de l&rsquo;aide humanitaire, compl\u00e8tement suspendue temporairement, reste tr\u00e8s limit\u00e9e, soulignant que \u00ab\u00a0les personnes dans le besoin ne devraient pas \u00eatre contraintes de risquer leur vie pour obtenir de la nourriture.\u00bb<\/p>\n<p style=\"text-align:justify\">F.N<\/p>\n","protected":false},"excerpt":{"rendered":"\u00a0 Berlin, le 30 juin 2025, WAFA \u2013 Le gouvernement allemand a exprim\u00e9 sa profonde inqui\u00e9tude face au&hellip;\n","protected":false},"author":2,"featured_media":217298,"comment_status":"","ping_status":"","sticky":false,"template":"","format":"standard","meta":{"footnotes":""},"categories":[1587],"tags":[11,672,1804,1805,1803,1777,674,1801,12,1802],"class_list":{"0":"post-217297","1":"post","2":"type-post","3":"status-publish","4":"format-standard","5":"has-post-thumbnail","7":"category-allemagne","8":"tag-actualites","9":"tag-allemagne","10":"tag-bundesrepublik-deutschland","11":"tag-de","12":"tag-deutschland","13":"tag-eu","14":"tag-europe","15":"tag-germany","16":"tag-news","17":"tag-republique-federale-dallemagne"},"share_on_mastodon":{"url":"https:\/\/pubeurope.com\/@fr\/114776046506184730","error":""},"_links":{"self":[{"href":"https:\/\/www.europesays.com\/fr\/wp-json\/wp\/v2\/posts\/217297","targetHints":{"allow":["GET"]}}],"collection":[{"href":"https:\/\/www.europesays.com\/fr\/wp-json\/wp\/v2\/posts"}],"about":[{"href":"https:\/\/www.europesays.com\/fr\/wp-json\/wp\/v2\/types\/post"}],"author":[{"embeddable":true,"href":"https:\/\/www.europesays.com\/fr\/wp-json\/wp\/v2\/users\/2"}],"replies":[{"embeddable":true,"href":"https:\/\/www.europesays.com\/fr\/wp-json\/wp\/v2\/comments?post=217297"}],"version-history":[{"count":0,"href":"https:\/\/www.europesays.com\/fr\/wp-json\/wp\/v2\/posts\/217297\/revisions"}],"wp:featuredmedia":[{"embeddable":true,"href":"https:\/\/www.europesays.com\/fr\/wp-json\/wp\/v2\/media\/217298"}],"wp:attachment":[{"href":"https:\/\/www.europesays.com\/fr\/wp-json\/wp\/v2\/media?parent=217297"}],"wp:term":[{"taxonomy":"category","embeddable":true,"href":"https:\/\/www.europesays.com\/fr\/wp-json\/wp\/v2\/categories?post=217297"},{"taxonomy":"post_tag","embeddable":true,"href":"https:\/\/www.europesays.com\/fr\/wp-json\/wp\/v2\/tags?post=217297"}],"curies":[{"name":"wp","href":"https:\/\/api.w.org\/{rel}","templated":true}]}}