{"id":217309,"date":"2025-07-01T04:24:11","date_gmt":"2025-07-01T04:24:11","guid":{"rendered":"https:\/\/www.europesays.com\/fr\/217309\/"},"modified":"2025-07-01T04:24:11","modified_gmt":"2025-07-01T04:24:11","slug":"mahamadou-diaby-explique-sa-decision-de-quitter-lubb-avec-effet-immediat","status":"publish","type":"post","link":"https:\/\/www.europesays.com\/fr\/217309\/","title":{"rendered":"Mahamadou Diaby explique sa d\u00e9cision de quitter l&rsquo;UBB avec effet imm\u00e9diat"},"content":{"rendered":"<p>Figure embl\u00e9matique de l\u2019Union Bordeaux-B\u00e8gles depuis 2017, Mahamadou Diaby a d\u00e9cid\u00e9 de tourner la page.<\/p>\n<p>\u00c0 34 ans, le troisi\u00e8me ligne a demand\u00e9 \u00e0 \u00eatre lib\u00e9r\u00e9 de sa derni\u00e8re ann\u00e9e de contrat avec le club girondin, avec lequel il a remport\u00e9 cette saison la Champions Cup. Un d\u00e9part m\u00fbrement r\u00e9fl\u00e9chi, loin d\u2019un simple coup de t\u00eate.<\/p>\n<p>Interrog\u00e9 via <a href=\"https:\/\/www.rugbyrama.fr\/2025\/06\/30\/top-14-exclusif-je-sens-quon-na-plus-trop-besoin-de-moi-ici-mahamadou-diaby-annonce-son-depart-de-lubb-12794088.php\" rel=\"nofollow noopener\" target=\"_blank\">Midi Olympique<\/a>, Mahamadou Diaby s\u2019est confi\u00e9 en exclusivit\u00e9 sur sa d\u00e9cision.<\/p>\n<p>\u00ab Ce n\u2019est pas parce que je suis m\u00e9content de ne pas avoir jou\u00e9 les phases finales que je veux quitter le club, j\u2019avais pris la d\u00e9cision avant \u00bb, pr\u00e9cise-t-il d\u2019embl\u00e9e, balayant toute id\u00e9e de r\u00e9action \u00e0 chaud.<\/p>\n<p>Le joueur admet toutefois une incompr\u00e9hension persistante : \u00ab Depuis la finale de Coupe d\u2019Europe, je suis le seul joueur du groupe \u00e0 ne pas avoir remis les pieds sur le terrain une seule minute. \u00bb<\/p>\n<p>Loin d\u2019un caprice, cette d\u00e9cision s\u2019inscrit dans une d\u00e9marche personnelle construite. \u00ab Je veux me lib\u00e9rer de ma derni\u00e8re ann\u00e9e de contrat tout simplement parce que j\u2019ai le sentiment, apr\u00e8s huit ans \u00e0 l\u2019UBB, d\u2019avoir fait le \u00ab\u00a0job\u00a0\u00bb.\u00a0 (\u2026) J\u2019ai le sentiment du devoir accompli avec cette premi\u00e8re \u00e9toile ramen\u00e9e au club. \u00bb<\/p>\n<p><strong>Un r\u00f4le en recul, une lucidit\u00e9 intacte<\/strong><\/p>\n<p>Avec franchise, Diaby reconna\u00eet qu\u2019il ne se sentait plus pleinement impliqu\u00e9 dans le projet sportif. \u00ab Entre la saison pass\u00e9e et cette saison, je sens qu\u2019on ne souhaite pas me donner un r\u00f4le dans l\u2019\u00e9quipe \u00e0 la hauteur de l\u2019investissement que je fournis\u2026 Je sens qu\u2019on n\u2019a plus trop besoin de moi ici (\u2026) \u00bb<\/p>\n<p>L\u2019annonce de son souhait de partir a \u00e9t\u00e9 soigneusement planifi\u00e9e pour ne pas perturber le groupe. Il a ainsi attendu le dernier entra\u00eenement de la saison 2024 \/ 2025 pour annoncer \u00e0 son pr\u00e9sident sa volont\u00e9 de quitter le club.<\/p>\n<p>Quant aux r\u00e9actions des supporters, Diaby les anticipe avec respect. Il indique les comprendre mais affirme que sa volont\u00e9 est de d\u00e9sormais relever un projet sportif dans un club o\u00f9 l\u2019on a vraiment besoin de lui.<\/p>\n<p><strong>Une page se tourne, un avenir \u00e0 \u00e9crire<\/strong><\/p>\n<p>Si aucune destination n\u2019est encore act\u00e9e, Mahamadou Diaby ne se ferme aucune porte. \u00ab Pour l\u2019instant, il n\u2019y a pas de contact et honn\u00eatement, je ne me prends pas la t\u00eate\u2026 Je suis en pleine forme et j\u2019ai encore beaucoup d\u2019\u00e9nergie. \u00bb<\/p>\n<p>Sauf surprise, le pr\u00e9sident Laurent Marti ne devrait pas retenir son joueur.<\/p>\n<p><strong>Affaire \u00e0 suivre\u2026<\/strong><\/p>\n","protected":false},"excerpt":{"rendered":"Figure embl\u00e9matique de l\u2019Union Bordeaux-B\u00e8gles depuis 2017, Mahamadou Diaby a d\u00e9cid\u00e9 de tourner la page. \u00c0 34 ans,&hellip;\n","protected":false},"author":2,"featured_media":217310,"comment_status":"","ping_status":"","sticky":false,"template":"","format":"standard","meta":{"footnotes":""},"categories":[1416],"tags":[1011,27,479,1468,60],"class_list":{"0":"post-217309","1":"post","2":"type-post","3":"status-publish","4":"format-standard","5":"has-post-thumbnail","7":"category-rugby","8":"tag-fr","9":"tag-france","10":"tag-rugby","11":"tag-rugby-football","12":"tag-sports"},"share_on_mastodon":{"url":"https:\/\/pubeurope.com\/@fr\/114776077976739051","error":""},"_links":{"self":[{"href":"https:\/\/www.europesays.com\/fr\/wp-json\/wp\/v2\/posts\/217309","targetHints":{"allow":["GET"]}}],"collection":[{"href":"https:\/\/www.europesays.com\/fr\/wp-json\/wp\/v2\/posts"}],"about":[{"href":"https:\/\/www.europesays.com\/fr\/wp-json\/wp\/v2\/types\/post"}],"author":[{"embeddable":true,"href":"https:\/\/www.europesays.com\/fr\/wp-json\/wp\/v2\/users\/2"}],"replies":[{"embeddable":true,"href":"https:\/\/www.europesays.com\/fr\/wp-json\/wp\/v2\/comments?post=217309"}],"version-history":[{"count":0,"href":"https:\/\/www.europesays.com\/fr\/wp-json\/wp\/v2\/posts\/217309\/revisions"}],"wp:featuredmedia":[{"embeddable":true,"href":"https:\/\/www.europesays.com\/fr\/wp-json\/wp\/v2\/media\/217310"}],"wp:attachment":[{"href":"https:\/\/www.europesays.com\/fr\/wp-json\/wp\/v2\/media?parent=217309"}],"wp:term":[{"taxonomy":"category","embeddable":true,"href":"https:\/\/www.europesays.com\/fr\/wp-json\/wp\/v2\/categories?post=217309"},{"taxonomy":"post_tag","embeddable":true,"href":"https:\/\/www.europesays.com\/fr\/wp-json\/wp\/v2\/tags?post=217309"}],"curies":[{"name":"wp","href":"https:\/\/api.w.org\/{rel}","templated":true}]}}