{"id":217347,"date":"2025-07-01T04:45:12","date_gmt":"2025-07-01T04:45:12","guid":{"rendered":"https:\/\/www.europesays.com\/fr\/217347\/"},"modified":"2025-07-01T04:45:12","modified_gmt":"2025-07-01T04:45:12","slug":"pour-decouvrir-les-metiers-du-batiment-en-samusant","status":"publish","type":"post","link":"https:\/\/www.europesays.com\/fr\/217347\/","title":{"rendered":"pour d\u00e9couvrir les m\u00e9tiers du b\u00e2timent en s\u2019amusant"},"content":{"rendered":"<p>\u00ab\u00a0C\u2019est une belle r\u00e9ussite, nous avons accueilli d\u00e9j\u00e0 sur ce premier semestre 12\u00a0000 visiteurs, des coll\u00e9giens, lyc\u00e9ens, mais aussi des personnes en recherche d\u2019emploi et en reconversion\u00a0\u00bb, annonce Didier Brosse, pr\u00e9sident du BTP Loire.<\/p>\n<p>D\u00e8s son arriv\u00e9e \u00e0 la t\u00eate de la f\u00e9d\u00e9ration, en 2022, Didier Brosse, avec une \u00e9quipe resserr\u00e9e de cinq personnes, a r\u00e9fl\u00e9chi \u00e0 la fa\u00e7on d\u2019attirer des jeunes pour qu\u2019ils d\u00e9couvrent les m\u00e9tiers du b\u00e2timent. Ils mettent au point un parcours de dix ateliers sur 400 m 2.<\/p>\n<p>  \u00ab\u00a0Nous avons acquis une renomm\u00e9e nationale\u00a0\u00bb<\/p>\n<p><a href=\"https:\/\/www.leprogres.fr\/economie\/2023\/07\/20\/avec-experience-chantier-le-btp-compte-sur-la-realite-virtuelle-pour-recruter\" target=\"_blank\" rel=\"noopener\">\u00ab\u00a0En juillet\u00a02023 nous inaugurions, cette exp\u00e9rience chantier 1\u00a0\u00bb explique-t-il.<\/a> \u00ab\u00a0Un objectif ludique, sc\u00e9naris\u00e9 et immersif\u00a0: construire un nouveau b\u00e2timent au c\u0153ur d\u2019une friche, en 10 \u00e9tapes successives imagin\u00e9es par les Ateliers Charrons, atelier st\u00e9phanois sp\u00e9cialis\u00e9 en sc\u00e9nographie et mus\u00e9ographie. Dix \u00e9tapes permettant de d\u00e9couvrir une dizaine de m\u00e9tiers du b\u00e2timent et des travaux publics\u00a0: grutier, plombier, d\u00e9molition, toiture, soudure, \u00e9lectricit\u00e9\u2026\u00a0\u00bb.<\/p>\n<p>Ce projet aura n\u00e9cessit\u00e9 1,2\u00a0million d\u2019euros d\u2019investissement, dont 50\u00a0% financ\u00e9s par le CCCABTP (Comit\u00e9 central de coordination de l\u2019apprentissage du b\u00e2timent et des travaux publics) et 20\u00a0% par la R\u00e9gion Auvergne-Rh\u00f4ne-Alpes, mais aussi le D\u00e9partement et les entreprises locales.<\/p>\n<p>Une premi\u00e8re en France, \u00ab\u00a0nous avons acquis une renomm\u00e9e nationale, aujourd\u2019hui certains, comme en \u00cele-de-France veulent se lancer dans cette d\u00e9marche\u00a0\u00bb, dit fi\u00e8rement le pr\u00e9sident du BTP.<\/p>\n<p>  R\u00e9novation \u00e9nerg\u00e9tique et f\u00e9minisation de la profession<\/p>\n<p>Alors la f\u00e9d\u00e9ration Loire ne s\u2019arr\u00eate pas l\u00e0. \u00ab\u00a0Il nous restait 150 m2\u00a0 de disponibles. Nous avons donc initi\u00e9 exp\u00e9rience chantier 2 pour mettre l\u2019accent sur deux th\u00e8mes\u00a0: la f\u00e9minisation des m\u00e9tiers du BTP et la r\u00e9novation \u00e9nerg\u00e9tique. Pour un co\u00fbt de 400\u00a0000\u00a0\u20ac\u00bb.<\/p>\n<p>L\u00e0 encore une fa\u00e7on assez ludique de s\u2019int\u00e9resser \u00e0 la transition \u00e9nerg\u00e9tique. Un casque virtuel vous conduit dans un appartement et, \u00e0 l\u2019aide d\u2019un b\u00e2ton num\u00e9rique, il faut pointer tous les d\u00e9fauts \u00e0 am\u00e9liorer. La f\u00e9minisation des m\u00e9tiers du BTP, l\u2019atelier joue sur les contrastes. En plein milieu d\u2019un salon de coiffure des ann\u00e9es 60, des fen\u00eatres s\u2019ouvrent sur des vid\u00e9os o\u00f9 les femmes s\u2019emploient aux m\u00e9tiers du b\u00e2timent.<\/p>\n<p>Alexandre Rochatte, pr\u00e9fet, pr\u00e9sent lors de l\u2019inauguration d\u2019exp\u00e9rience chantier 2, salue cette initiative qui t\u00e9moigne \u00ab\u00a0du dynamisme de la f\u00e9d\u00e9ration du BTP de la Loire. Prendre en exemple une r\u00e9novation de friche, voil\u00e0 un sujet important dans la Loire et l\u2019on parle en m\u00eame temps de sobri\u00e9t\u00e9 fonci\u00e8re. Cette extension \u00e0 deux nouveaux volets est int\u00e9ressante, on est sur du d\u00e9veloppement durable, de la transition \u00e9cologique. Quant \u00e0 la f\u00e9minisation de la profession, elle progresse. On est pass\u00e9 de 8 \u00e0 13\u00a0% en 4-5 ans. Mais on reste encore beaucoup sur des femmes dans la conception et simplement 3,5\u00a0% dans la r\u00e9alisation\u00a0\u00bb.<\/p>\n","protected":false},"excerpt":{"rendered":"\u00ab\u00a0C\u2019est une belle r\u00e9ussite, nous avons accueilli d\u00e9j\u00e0 sur ce premier semestre 12\u00a0000 visiteurs, des coll\u00e9giens, lyc\u00e9ens, mais&hellip;\n","protected":false},"author":2,"featured_media":217348,"comment_status":"","ping_status":"","sticky":false,"template":"","format":"standard","meta":{"footnotes":""},"categories":[9653],"tags":[1111,11,2430,4749,33,7539,1777,674,1011,27,3367,12,25,4001,7538],"class_list":{"0":"post-217347","1":"post","2":"type-post","3":"status-publish","4":"format-standard","5":"has-post-thumbnail","7":"category-saint-etienne","8":"tag-actu","9":"tag-actualites","10":"tag-auvergne-rhone-alpes","11":"tag-btp-et-chantiers","12":"tag-economie","13":"tag-edition-loire-sud","14":"tag-eu","15":"tag-europe","16":"tag-fr","17":"tag-france","18":"tag-loire","19":"tag-news","20":"tag-republique-francaise","21":"tag-saint-etienne","22":"tag-saint-etienne-ville"},"share_on_mastodon":{"url":"https:\/\/pubeurope.com\/@fr\/114776160612296079","error":""},"_links":{"self":[{"href":"https:\/\/www.europesays.com\/fr\/wp-json\/wp\/v2\/posts\/217347","targetHints":{"allow":["GET"]}}],"collection":[{"href":"https:\/\/www.europesays.com\/fr\/wp-json\/wp\/v2\/posts"}],"about":[{"href":"https:\/\/www.europesays.com\/fr\/wp-json\/wp\/v2\/types\/post"}],"author":[{"embeddable":true,"href":"https:\/\/www.europesays.com\/fr\/wp-json\/wp\/v2\/users\/2"}],"replies":[{"embeddable":true,"href":"https:\/\/www.europesays.com\/fr\/wp-json\/wp\/v2\/comments?post=217347"}],"version-history":[{"count":0,"href":"https:\/\/www.europesays.com\/fr\/wp-json\/wp\/v2\/posts\/217347\/revisions"}],"wp:featuredmedia":[{"embeddable":true,"href":"https:\/\/www.europesays.com\/fr\/wp-json\/wp\/v2\/media\/217348"}],"wp:attachment":[{"href":"https:\/\/www.europesays.com\/fr\/wp-json\/wp\/v2\/media?parent=217347"}],"wp:term":[{"taxonomy":"category","embeddable":true,"href":"https:\/\/www.europesays.com\/fr\/wp-json\/wp\/v2\/categories?post=217347"},{"taxonomy":"post_tag","embeddable":true,"href":"https:\/\/www.europesays.com\/fr\/wp-json\/wp\/v2\/tags?post=217347"}],"curies":[{"name":"wp","href":"https:\/\/api.w.org\/{rel}","templated":true}]}}