{"id":217351,"date":"2025-07-01T04:48:00","date_gmt":"2025-07-01T04:48:00","guid":{"rendered":"https:\/\/www.europesays.com\/fr\/217351\/"},"modified":"2025-07-01T04:48:00","modified_gmt":"2025-07-01T04:48:00","slug":"concert-dark-side-avec-lensemble-voices-of-legacy","status":"publish","type":"post","link":"https:\/\/www.europesays.com\/fr\/217351\/","title":{"rendered":"Concert Dark Side avec l\u2019ensemble Voices of Legacy"},"content":{"rendered":"<p>L\u2019ensemble Voices of Legacy, de l\u2019\u00e9cole de chant MJ, compos\u00e9 de douze chanteurs et quatre musiciens, pr\u00e9sentera son nouveau spectacle Dark Side. Dans un r\u00e9pertoire pop anglophone vari\u00e9, ils reprendront les titres de Queen, Imagine Dragons, Adele, Katy Perry\u2026 Dans une mise en sc\u00e8ne moderne, les chanteurs pr\u00e9parent une performance chor\u00e9graphi\u00e9e alternant chant collectif et solo.<\/p>\n<p class=\"note\">Vendredi 4\u00a0juillet, \u00e0 20\u00a0h\u00a030, \u00e0 l\u2019Espace Jean-l\u2019H\u00f4te, place Ernest-Poirson, \u00e0 Neuves-Maisons. Tarifs\u00a0: 12\u00a0\u20ac et 6\u00a0\u20ac.<\/p>\n","protected":false},"excerpt":{"rendered":"L\u2019ensemble Voices of Legacy, de l\u2019\u00e9cole de chant MJ, compos\u00e9 de douze chanteurs et quatre musiciens, pr\u00e9sentera son&hellip;\n","protected":false},"author":2,"featured_media":217352,"comment_status":"","ping_status":"","sticky":false,"template":"","format":"standard","meta":{"footnotes":""},"categories":[9635],"tags":[1111,11,9848,1687,1704,1777,674,1011,27,775,873,1702,9847,12,25],"class_list":{"0":"post-217351","1":"post","2":"type-post","3":"status-publish","4":"format-standard","5":"has-post-thumbnail","7":"category-nancy","8":"tag-actu","9":"tag-actualites","10":"tag-cc-moselle-et-madon-54b","11":"tag-culture-loisirs","12":"tag-edition-nancy-et-agglomeration","13":"tag-eu","14":"tag-europe","15":"tag-fr","16":"tag-france","17":"tag-grand-est","18":"tag-musique","19":"tag-nancy","20":"tag-neuves-maisons","21":"tag-news","22":"tag-republique-francaise"},"share_on_mastodon":{"url":"","error":""},"_links":{"self":[{"href":"https:\/\/www.europesays.com\/fr\/wp-json\/wp\/v2\/posts\/217351","targetHints":{"allow":["GET"]}}],"collection":[{"href":"https:\/\/www.europesays.com\/fr\/wp-json\/wp\/v2\/posts"}],"about":[{"href":"https:\/\/www.europesays.com\/fr\/wp-json\/wp\/v2\/types\/post"}],"author":[{"embeddable":true,"href":"https:\/\/www.europesays.com\/fr\/wp-json\/wp\/v2\/users\/2"}],"replies":[{"embeddable":true,"href":"https:\/\/www.europesays.com\/fr\/wp-json\/wp\/v2\/comments?post=217351"}],"version-history":[{"count":0,"href":"https:\/\/www.europesays.com\/fr\/wp-json\/wp\/v2\/posts\/217351\/revisions"}],"wp:featuredmedia":[{"embeddable":true,"href":"https:\/\/www.europesays.com\/fr\/wp-json\/wp\/v2\/media\/217352"}],"wp:attachment":[{"href":"https:\/\/www.europesays.com\/fr\/wp-json\/wp\/v2\/media?parent=217351"}],"wp:term":[{"taxonomy":"category","embeddable":true,"href":"https:\/\/www.europesays.com\/fr\/wp-json\/wp\/v2\/categories?post=217351"},{"taxonomy":"post_tag","embeddable":true,"href":"https:\/\/www.europesays.com\/fr\/wp-json\/wp\/v2\/tags?post=217351"}],"curies":[{"name":"wp","href":"https:\/\/api.w.org\/{rel}","templated":true}]}}