{"id":217364,"date":"2025-07-01T05:02:10","date_gmt":"2025-07-01T05:02:10","guid":{"rendered":"https:\/\/www.europesays.com\/fr\/217364\/"},"modified":"2025-07-01T05:02:10","modified_gmt":"2025-07-01T05:02:10","slug":"a-rennes-cette-start-up-veut-revolutionner-le-diagnostic-des-cancers","status":"publish","type":"post","link":"https:\/\/www.europesays.com\/fr\/217364\/","title":{"rendered":"\u00c0 Rennes, cette start-up veut r\u00e9volutionner le diagnostic des cancers"},"content":{"rendered":"<p>Il a eu un \u00ab coup de foudre \u00bb pour l\u2019analyse des biopsies, ces pr\u00e9l\u00e8vements de tissu ou d\u2019organe sur lesquels des examens sont men\u00e9s afin de d\u00e9tecter des maladies, en particulier les cancers. La r\u00e9v\u00e9lation est telle pour Mel Landelle, qu\u2019\u00e0 25 ans, ce Breton dipl\u00f4m\u00e9 de Normale sup et de Polytechnique d\u00e9cide de lancer une start-up autour de ce sujet : RainPath (9 salari\u00e9s), cr\u00e9\u00e9e en f\u00e9vrier 2025 \u00e0 Rennes et incub\u00e9e \u00e0 CentraleSup\u00e9lec \u00e0 Paris. Sa mission ? Ambitieuse : r\u00e9volutionner les pratiques des laboratoires d\u2019analyses m\u00e9dicales sp\u00e9cialis\u00e9s gr\u00e2ce \u00e0 l\u2019intelligence artificielle (IA).<\/p>\n<p>Pour pouvoir avancer dans ses projets, la petite entreprise annonce, ce mardi 1er juillet, une premi\u00e8re lev\u00e9e de fonds de 2,5 M\u20ac aupr\u00e8s de Teampact Ventures, un fonds d\u2019investissement notamment abond\u00e9 par des sportifs de renom comme le footballeur Rapha\u00ebl Varane et le joueur de handball Nikola Karabatic. Plusieurs autres acteurs ont particip\u00e9 \u00e0 l\u2019op\u00e9ration, dont le fonds Xplore du brestois \u00c9pop\u00e9e Gestion et la banque publique d\u2019investissement Bpifrance.<\/p>\n<p>Une dizaine de recrutements<\/p>\n<p>Avec cette enveloppe financi\u00e8re, RainPath entend recruter une dizaine de salari\u00e9s (d\u00e9veloppeurs, data scientists, sp\u00e9cialistes de l\u2019IA), acc\u00e9l\u00e9rer le d\u00e9veloppement de sa technologie et en d\u00e9montrer la pertinence. \u00abAujourd\u2019hui, l\u2019analyse des biopsies se fait \u00e0 partir de lames color\u00e9es de fa\u00e7on standard, mais \u00e0 ce stade, plusieurs <br \/>informations manquent pour qualifier le diagnostic. On utilise alors un r\u00e9actif chimique pour r\u00e9v\u00e9ler les biomarqueurs diagnostiques, explique Mel Landelle. Cette manipulation prend beaucoup de temps, mobilise des techniciens qualifi\u00e9s, n\u00e9cessite des automates de coloration qui co\u00fbtent tr\u00e8s chers et produit des d\u00e9chets chimiques dangereux pour l\u2019environnement.\u00bb<\/p>\n<p>RainPath esp\u00e8re se passer des manipulations chimiques gr\u00e2ce \u00e0 une IA entra\u00een\u00e9e \u00e0 partir d\u2019une multitude d\u2019images de biopsie et qui, en un clic, permettra de produire des analyses pointant virtuellement les marqueurs diagnostiques recherch\u00e9s. \u00c0 la cl\u00e9 : des temps et des co\u00fbts d\u2019analyse divis\u00e9s par 100 et un impact environnemental r\u00e9duit.<\/p>\n<p>Recherches bretonnes<\/p>\n<p>Tous ces points feront l\u2019objet d\u2019\u00e9tudes qui devront permettre de valider la technologie et serviront de base \u00e0 l\u2019obtention d\u2019un marquage CE, s\u00e9same r\u00e9glementaire obligatoire pour mettre une technologie m\u00e9dicale sur le march\u00e9 europ\u00e9en. RainPath esp\u00e8re le d\u00e9crocher d\u2019ici 18 mois \u00ab minimum \u00bb et lancer la commercialisation dans la foul\u00e9e.<\/p>\n<p>Les recherches seront men\u00e9es \u00e0 partir de la Bretagne, o\u00f9 la start-up va prochainement d\u00e9localiser son p\u00f4le scientifique et o\u00f9 elle va nouer des partenariats pour tenter de se faire une place sur un march\u00e9 colossal, \u00e9valu\u00e9 \u00e0 plusieurs milliards d\u2019euros dans le monde.<\/p>\n","protected":false},"excerpt":{"rendered":"Il a eu un \u00ab coup de foudre \u00bb pour l\u2019analyse des biopsies, ces pr\u00e9l\u00e8vements de tissu ou&hellip;\n","protected":false},"author":2,"featured_media":217365,"comment_status":"","ping_status":"","sticky":false,"template":"","format":"standard","meta":{"footnotes":""},"categories":[2821],"tags":[1111,11,829,1777,674,1011,27,848,4555,12,584,25],"class_list":{"0":"post-217364","1":"post","2":"type-post","3":"status-publish","4":"format-standard","5":"has-post-thumbnail","7":"category-rennes","8":"tag-actu","9":"tag-actualites","10":"tag-bretagne","11":"tag-eu","12":"tag-europe","13":"tag-fr","14":"tag-france","15":"tag-ille-et-vilaine","16":"tag-local","17":"tag-news","18":"tag-rennes","19":"tag-republique-francaise"},"share_on_mastodon":{"url":"https:\/\/pubeurope.com\/@fr\/114776227417168214","error":""},"_links":{"self":[{"href":"https:\/\/www.europesays.com\/fr\/wp-json\/wp\/v2\/posts\/217364","targetHints":{"allow":["GET"]}}],"collection":[{"href":"https:\/\/www.europesays.com\/fr\/wp-json\/wp\/v2\/posts"}],"about":[{"href":"https:\/\/www.europesays.com\/fr\/wp-json\/wp\/v2\/types\/post"}],"author":[{"embeddable":true,"href":"https:\/\/www.europesays.com\/fr\/wp-json\/wp\/v2\/users\/2"}],"replies":[{"embeddable":true,"href":"https:\/\/www.europesays.com\/fr\/wp-json\/wp\/v2\/comments?post=217364"}],"version-history":[{"count":0,"href":"https:\/\/www.europesays.com\/fr\/wp-json\/wp\/v2\/posts\/217364\/revisions"}],"wp:featuredmedia":[{"embeddable":true,"href":"https:\/\/www.europesays.com\/fr\/wp-json\/wp\/v2\/media\/217365"}],"wp:attachment":[{"href":"https:\/\/www.europesays.com\/fr\/wp-json\/wp\/v2\/media?parent=217364"}],"wp:term":[{"taxonomy":"category","embeddable":true,"href":"https:\/\/www.europesays.com\/fr\/wp-json\/wp\/v2\/categories?post=217364"},{"taxonomy":"post_tag","embeddable":true,"href":"https:\/\/www.europesays.com\/fr\/wp-json\/wp\/v2\/tags?post=217364"}],"curies":[{"name":"wp","href":"https:\/\/api.w.org\/{rel}","templated":true}]}}