{"id":217368,"date":"2025-07-01T05:04:10","date_gmt":"2025-07-01T05:04:10","guid":{"rendered":"https:\/\/www.europesays.com\/fr\/217368\/"},"modified":"2025-07-01T05:04:10","modified_gmt":"2025-07-01T05:04:10","slug":"nomination-catherine-grandidier-majercsik-presidente-du-conseil-interregional-des-notaires-dalsace-moselle","status":"publish","type":"post","link":"https:\/\/www.europesays.com\/fr\/217368\/","title":{"rendered":"Nomination. Catherine Grandidier-Majercsik, pr\u00e9sidente du Conseil interr\u00e9gional des notaires d\u2019Alsace-Moselle"},"content":{"rendered":"<p>Notaire associ\u00e9e \u00e0 Thionville, en Moselle, Ma\u00eetre Catherine Grandidier-Majercsik a \u00e9t\u00e9 \u00e9lue \u00e0 la pr\u00e9sidence du Conseil interr\u00e9gional des notaires d\u2019Alsace-Moselle, seul en France \u00e0 regrouper les notaires de deux Cours d\u2019appel du fait des sp\u00e9cificit\u00e9s du droit local. Celle qui fut pr\u00e9c\u00e9demment pr\u00e9sidente de la chambre mosellane succ\u00e8de \u00e0 Eric Ricou et entend s\u2019inscrire dans la continuit\u00e9 de son action. La promotion du droit local et la cr\u00e9ation d\u2019offices pour un meilleur maillage territorial figurent ainsi parmi\u00a0les grands chantiers engag\u00e9s et d\u00e9fendus. La nouvelle pr\u00e9sidente entend aussi placer l\u2019innovation au c\u0153ur de son mandat via notamment la digitalisation des proc\u00e9dures et l\u2019int\u00e9gration progressive de l\u2019intelligence artificielle.<\/p>\n","protected":false},"excerpt":{"rendered":"Notaire associ\u00e9e \u00e0 Thionville, en Moselle, Ma\u00eetre Catherine Grandidier-Majercsik a \u00e9t\u00e9 \u00e9lue \u00e0 la pr\u00e9sidence du Conseil interr\u00e9gional&hellip;\n","protected":false},"author":2,"featured_media":217369,"comment_status":"","ping_status":"","sticky":false,"template":"","format":"standard","meta":{"footnotes":""},"categories":[2820],"tags":[1111,11,2389,6084,1777,674,107,1011,27,775,12,25,104,640],"class_list":{"0":"post-217368","1":"post","2":"type-post","3":"status-publish","4":"format-standard","5":"has-post-thumbnail","7":"category-strasbourg","8":"tag-actu","9":"tag-actualites","10":"tag-alsace","11":"tag-droit","12":"tag-eu","13":"tag-europe","14":"tag-fil-info","15":"tag-fr","16":"tag-france","17":"tag-grand-est","18":"tag-news","19":"tag-republique-francaise","20":"tag-societe","21":"tag-strasbourg"},"share_on_mastodon":{"url":"https:\/\/pubeurope.com\/@fr\/114776235336859597","error":""},"_links":{"self":[{"href":"https:\/\/www.europesays.com\/fr\/wp-json\/wp\/v2\/posts\/217368","targetHints":{"allow":["GET"]}}],"collection":[{"href":"https:\/\/www.europesays.com\/fr\/wp-json\/wp\/v2\/posts"}],"about":[{"href":"https:\/\/www.europesays.com\/fr\/wp-json\/wp\/v2\/types\/post"}],"author":[{"embeddable":true,"href":"https:\/\/www.europesays.com\/fr\/wp-json\/wp\/v2\/users\/2"}],"replies":[{"embeddable":true,"href":"https:\/\/www.europesays.com\/fr\/wp-json\/wp\/v2\/comments?post=217368"}],"version-history":[{"count":0,"href":"https:\/\/www.europesays.com\/fr\/wp-json\/wp\/v2\/posts\/217368\/revisions"}],"wp:featuredmedia":[{"embeddable":true,"href":"https:\/\/www.europesays.com\/fr\/wp-json\/wp\/v2\/media\/217369"}],"wp:attachment":[{"href":"https:\/\/www.europesays.com\/fr\/wp-json\/wp\/v2\/media?parent=217368"}],"wp:term":[{"taxonomy":"category","embeddable":true,"href":"https:\/\/www.europesays.com\/fr\/wp-json\/wp\/v2\/categories?post=217368"},{"taxonomy":"post_tag","embeddable":true,"href":"https:\/\/www.europesays.com\/fr\/wp-json\/wp\/v2\/tags?post=217368"}],"curies":[{"name":"wp","href":"https:\/\/api.w.org\/{rel}","templated":true}]}}