{"id":217370,"date":"2025-07-01T05:05:11","date_gmt":"2025-07-01T05:05:11","guid":{"rendered":"https:\/\/www.europesays.com\/fr\/217370\/"},"modified":"2025-07-01T05:05:11","modified_gmt":"2025-07-01T05:05:11","slug":"strasbourg-il-insulte-les-pompiers-et-frappe-le-chef-dagres","status":"publish","type":"post","link":"https:\/\/www.europesays.com\/fr\/217370\/","title":{"rendered":"Strasbourg. Il insulte les pompiers et frappe le chef d\u2019agr\u00e8s"},"content":{"rendered":"<p>Face \u00e0 ses victimes, le pr\u00e9venu s\u2019excuse. Il assure \u00eatre d\u00e9sol\u00e9. Mercredi 25\u00a0juin, peu avant 23\u00a0h, l <a href=\"https:\/\/www.dna.fr\/culture-loisirs\/2025\/05\/20\/80-pompiers-engages-sur-un-exercice-grandeur-nature-pour-sauver-les-biens-culturels-de-la-cathedrale-en-cas-d-incendie\" target=\"_blank\" rel=\"noopener\">es sapeurs-pompiers<\/a> de la caserne de Finkwiller \u00e0 Strasbourg sont appel\u00e9s \u00e0 intervenir rue du G\u00e9n\u00e9ral-Castelnau sur le parvis de <a href=\"https:\/\/www.dna.fr\/societe\/2020\/06\/12\/la-paroisse-saint-pierre-le-jeune-berceau-de-charles-de-foucauld\" target=\"_blank\" rel=\"noopener\">l\u2019\u00e9glise Saint-Pierre-le-Jeune \u00e0 Strasbourg<\/a> pour un homme ivre, qui ne cesse de vomir. C\u2019est sa compagne, avec laquelle il a pourtant une interdiction de contact, qui a donn\u00e9 l\u2019alerte.<\/p>\n<p>Le chef d\u2019agr\u00e8s va \u00e0 la rencontre du jeune homme de 25 ans allong\u00e9 sur un banc public. Il le stimule en le bougeant au niveau de l\u2019\u00e9paule et le met en position assise. En r\u00e9ponse, il per\u00e7oit quelques injures,&#8230;<\/p>\n","protected":false},"excerpt":{"rendered":"Face \u00e0 ses victimes, le pr\u00e9venu s\u2019excuse. Il assure \u00eatre d\u00e9sol\u00e9. Mercredi 25\u00a0juin, peu avant 23\u00a0h, l es&hellip;\n","protected":false},"author":2,"featured_media":217371,"comment_status":"","ping_status":"","sticky":false,"template":"","format":"standard","meta":{"footnotes":""},"categories":[2820],"tags":[1111,11,271,272,2880,1777,674,274,107,1011,27,775,3035,12,25,640,2879],"class_list":{"0":"post-217370","1":"post","2":"type-post","3":"status-publish","4":"format-standard","5":"has-post-thumbnail","7":"category-strasbourg","8":"tag-actu","9":"tag-actualites","10":"tag-crime","11":"tag-delit-et-contravention","12":"tag-edition-strasbourg","13":"tag-eu","14":"tag-europe","15":"tag-faits-divers-justice","16":"tag-fil-info","17":"tag-fr","18":"tag-france","19":"tag-grand-est","20":"tag-la-matinale-strasbourg","21":"tag-news","22":"tag-republique-francaise","23":"tag-strasbourg","24":"tag-strasbourg-ville"},"share_on_mastodon":{"url":"https:\/\/pubeurope.com\/@fr\/114776239236117031","error":""},"_links":{"self":[{"href":"https:\/\/www.europesays.com\/fr\/wp-json\/wp\/v2\/posts\/217370","targetHints":{"allow":["GET"]}}],"collection":[{"href":"https:\/\/www.europesays.com\/fr\/wp-json\/wp\/v2\/posts"}],"about":[{"href":"https:\/\/www.europesays.com\/fr\/wp-json\/wp\/v2\/types\/post"}],"author":[{"embeddable":true,"href":"https:\/\/www.europesays.com\/fr\/wp-json\/wp\/v2\/users\/2"}],"replies":[{"embeddable":true,"href":"https:\/\/www.europesays.com\/fr\/wp-json\/wp\/v2\/comments?post=217370"}],"version-history":[{"count":0,"href":"https:\/\/www.europesays.com\/fr\/wp-json\/wp\/v2\/posts\/217370\/revisions"}],"wp:featuredmedia":[{"embeddable":true,"href":"https:\/\/www.europesays.com\/fr\/wp-json\/wp\/v2\/media\/217371"}],"wp:attachment":[{"href":"https:\/\/www.europesays.com\/fr\/wp-json\/wp\/v2\/media?parent=217370"}],"wp:term":[{"taxonomy":"category","embeddable":true,"href":"https:\/\/www.europesays.com\/fr\/wp-json\/wp\/v2\/categories?post=217370"},{"taxonomy":"post_tag","embeddable":true,"href":"https:\/\/www.europesays.com\/fr\/wp-json\/wp\/v2\/tags?post=217370"}],"curies":[{"name":"wp","href":"https:\/\/api.w.org\/{rel}","templated":true}]}}