{"id":217399,"date":"2025-07-01T05:22:14","date_gmt":"2025-07-01T05:22:14","guid":{"rendered":"https:\/\/www.europesays.com\/fr\/217399\/"},"modified":"2025-07-01T05:22:14","modified_gmt":"2025-07-01T05:22:14","slug":"christophe-bayle-elu-premier-vice-president-de-la-conference-des-batonniers","status":"publish","type":"post","link":"https:\/\/www.europesays.com\/fr\/217399\/","title":{"rendered":"Christophe Bayle \u00e9lu premier vice-pr\u00e9sident de la Conf\u00e9rence des b\u00e2tonniers"},"content":{"rendered":"<p><img loading=\"lazy\" decoding=\"async\" alt=\"\u00a9 DR - Christophe Bayle lors de l'AG de la Conf\u00e9rence des b\u00e2tonniers qui l'a \u00e9lu premier vice-pr\u00e9sident.\" data-zoom-src=\"https:\/\/www.europesays.com\/fr\/wp-content\/uploads\/2025\/07\/initial-christophe-bayle.jpg\" data-zoomable=\"\" height=\"702\" src=\"https:\/\/www.europesays.com\/fr\/wp-content\/uploads\/2025\/07\/initial-christophe-bayle.jpg\" width=\"1248\"\/>  <\/p>\n<p class=\"article-desc\">\u00a9 DR &#8211; Christophe Bayle lors de l&rsquo;AG de la Conf\u00e9rence des b\u00e2tonniers qui l&rsquo;a \u00e9lu premier vice-pr\u00e9sident. <\/p>\n<p>Lors de son assembl\u00e9e g\u00e9n\u00e9rale du 27 juin dernier, la<a href=\"https:\/\/mesinfos.fr\/ile-de-france\/la-conference-des-batonniers-ameliorer-le-fonctionnement-de-la-justice-214813.html\" rel=\"noopener\" target=\"_blank\"><strong><a href=\"https:\/\/mesinfos.fr\/ile-de-france\/la-conference-des-batonniers-ameliorer-le-fonctionnement-de-la-justice-214813.html\" rel=\"noopener\" target=\"_blank\">Conf\u00e9rence des b\u00e2tonniers<\/a>,<\/strong> dont le si\u00e8ge est bas\u00e9 \u00e0 <strong>Paris<\/strong>, a \u00e9lu <strong>Christophe Bayle<\/strong>, ancien b\u00e2tonnier de l\u2019<strong>Ordre des Avocats du barreau de Bordeaux,<\/strong> comme premier <strong>vice-pr\u00e9sident<\/strong>. <\/p>\n<p>\u00c9lu avec <strong>23 057 voix sur 33 651 votants<\/strong> (33 069 suffrages exprim\u00e9s), il succ\u00e8de ainsi \u00e0 <strong>Jean-Rapha\u00ebl Fernandez<\/strong>, ancien b\u00e2tonnier du barreau de Marseille, pr\u00e9sident de la Conf\u00e9rence depuis janvier 2024. Christophe Bayle prendra ses fonctions le 1er janvier 2026 pour deux ans.\u00a0 <\/p>\n<p> Vice-pr\u00e9sident de la Conf\u00e9rence des b\u00e2tonniers ces trois derni\u00e8res ann\u00e9es <\/p>\n<p>Le <a href=\"https:\/\/mesinfos.fr\/75000-paris\/la-conference-des-batonniers-soutient-le-barreau-d-istanbul-219395.html\" rel=\"noopener\" target=\"_blank\">b\u00e2tonnier<\/a> Bayle a pr\u00eat\u00e9 serment en 2001 \u00e0 Strasbourg. Il a exerc\u00e9 au sein de la SCP Schreckenberg Parni\u00e8re &amp; Associ\u00e9s de 2001 \u00e0 2004, avant de rejoindre le cabinet Bayle o\u00f9 il est devenu associ\u00e9. Depuis 2014, il est avocat associ\u00e9 au sein de la SCP Bayle-Joly.\u00a0 <\/p>\n<p>Il a \u00e9t\u00e9 membre du <strong>Conseil de l\u2019Ordre<\/strong> du barreau de Bordeaux pendant neuf ans et a \u00e9t\u00e9 <strong>b\u00e2tonnier en 2020 et 2021. <\/strong>Il est \u00e9galement, depuis 2022, <strong>membre du Bureau<\/strong> de la Conf\u00e9rence des b\u00e2tonniers dont il a assur\u00e9 la <strong>vice-pr\u00e9sidence lors de ces trois derni\u00e8res ann\u00e9es.\u00a0<\/strong> <\/p>\n<p>Son programme, r\u00e9sum\u00e9 par le slogan \u201cPour une Conf\u00e9rence des b\u00e2tonniers plus forte, plus influente, en lien permanent avec les barreaux\u201d, a \u00e9t\u00e9 pl\u00e9biscit\u00e9 par les membres votants<\/p>\n","protected":false},"excerpt":{"rendered":"\u00a9 DR &#8211; Christophe Bayle lors de l&rsquo;AG de la Conf\u00e9rence des b\u00e2tonniers qui l&rsquo;a \u00e9lu premier vice-pr\u00e9sident.&hellip;\n","protected":false},"author":2,"featured_media":217400,"comment_status":"","ping_status":"","sticky":false,"template":"","format":"standard","meta":{"footnotes":""},"categories":[1888],"tags":[1111,1928,11,1927,31142,1777,674,1011,27,12,1926,626,1925,25],"class_list":{"0":"post-217399","1":"post","2":"type-post","3":"status-publish","4":"format-standard","5":"has-post-thumbnail","7":"category-paris","8":"tag-actu","9":"tag-actu-paris","10":"tag-actualites","11":"tag-actualites-paris","12":"tag-bu00e2tonnier","13":"tag-eu","14":"tag-europe","15":"tag-fr","16":"tag-france","17":"tag-news","18":"tag-news-paris","19":"tag-paris","20":"tag-paris-news","21":"tag-republique-francaise"},"share_on_mastodon":{"url":"https:\/\/pubeurope.com\/@fr\/114776306216987305","error":""},"_links":{"self":[{"href":"https:\/\/www.europesays.com\/fr\/wp-json\/wp\/v2\/posts\/217399","targetHints":{"allow":["GET"]}}],"collection":[{"href":"https:\/\/www.europesays.com\/fr\/wp-json\/wp\/v2\/posts"}],"about":[{"href":"https:\/\/www.europesays.com\/fr\/wp-json\/wp\/v2\/types\/post"}],"author":[{"embeddable":true,"href":"https:\/\/www.europesays.com\/fr\/wp-json\/wp\/v2\/users\/2"}],"replies":[{"embeddable":true,"href":"https:\/\/www.europesays.com\/fr\/wp-json\/wp\/v2\/comments?post=217399"}],"version-history":[{"count":0,"href":"https:\/\/www.europesays.com\/fr\/wp-json\/wp\/v2\/posts\/217399\/revisions"}],"wp:featuredmedia":[{"embeddable":true,"href":"https:\/\/www.europesays.com\/fr\/wp-json\/wp\/v2\/media\/217400"}],"wp:attachment":[{"href":"https:\/\/www.europesays.com\/fr\/wp-json\/wp\/v2\/media?parent=217399"}],"wp:term":[{"taxonomy":"category","embeddable":true,"href":"https:\/\/www.europesays.com\/fr\/wp-json\/wp\/v2\/categories?post=217399"},{"taxonomy":"post_tag","embeddable":true,"href":"https:\/\/www.europesays.com\/fr\/wp-json\/wp\/v2\/tags?post=217399"}],"curies":[{"name":"wp","href":"https:\/\/api.w.org\/{rel}","templated":true}]}}