{"id":217405,"date":"2025-07-01T05:25:17","date_gmt":"2025-07-01T05:25:17","guid":{"rendered":"https:\/\/www.europesays.com\/fr\/217405\/"},"modified":"2025-07-01T05:25:17","modified_gmt":"2025-07-01T05:25:17","slug":"a-quoi-ressemble-le-site-de-baignade-dans-la-seine-a-bercy","status":"publish","type":"post","link":"https:\/\/www.europesays.com\/fr\/217405\/","title":{"rendered":"\u00e0 quoi ressemble le site de baignade dans la Seine \u00e0 Bercy ?"},"content":{"rendered":"<p class=\"article-p mdl\">Sous une passerelle face \u00e0 la biblioth\u00e8que Fran\u00e7ois Mitterrand, proche de Bercy, vous trouvez deux immenses bassins. Des escaliers permettent d&rsquo;acc\u00e9der \u00e0 un ponton avant de se jeter \u00e0 l&rsquo;eau. Julien Laurent, directeur du projet Baignade \u00e0 la mairie de Paris, a r\u00e9serv\u00e9 une <strong>visite guid\u00e9e \u00e0 RTL<\/strong>.<\/p>\n<p class=\"article-p mdl\">\u00ab\u00a0On a un premier bassin qui fait la longueur d&rsquo;une piscine olympique puisqu&rsquo;on a <strong>50 m\u00e8tres de plan d&rsquo;eau<\/strong> et un deuxi\u00e8me bassin qui fait la taille \u00e0 peu pr\u00e8s d&rsquo;un petit bassin\u00a0\u00bb, pr\u00e9sente-t-il, \u00ab\u00a0d&rsquo;un tout petit peu moins que 25 m\u00e8tres\u00a0\u00bb. En plus des deux bassins, on retrouve tous les services de baignade comme par exemple des cabines de change, des douches et sanitaires. Il y aura aussi un espace \u00e0 quai qui sera prochainement un grand solarium, sur lequel seront dispos\u00e9s des transats et des parasols, parfait pour fl\u00e2ner\u00a0<a class=\"link\" href=\"https:\/\/www.rtl.fr\/actu\/debats-societe\/baignade-dans-la-seine-il-faudra-passer-un-test-d-aisance-aquatique-pour-se-baigner-7900515581\" target=\"_blank\" rel=\"nofollow noopener\">entre deux baignades<\/a>. Mais la question que tout le monde se pose bien est \u00ab\u00a0l&rsquo;eau est-elle propre ?\u00a0\u00bb.\u00a0<\/p>\n<p class=\"article-p mdl\"><strong>Plus d&rsquo;un milliard d&rsquo;euros<\/strong> ont \u00e9t\u00e9 investis par l&rsquo;\u00c9tat et les collectivit\u00e9s pour financer la d\u00e9pollution de la Seine et r\u00e9duire la quantit\u00e9 de d\u00e9versement d&rsquo;eau us\u00e9e dans le fleuve. L&rsquo;eau sera analys\u00e9e chaque jour par des pr\u00e9l\u00e8vements de l&rsquo;Agence r\u00e9gionale de sant\u00e9 pour d\u00e9terminer le taux de bact\u00e9ries. Quand les mesures seront conformes, vous verrez un drapeau vert ou un drapeau jaune. Et si jamais elle ne l&rsquo;\u00e9tait pas, vous verrez un drapeau rouge. Dans ce cas-l\u00e0, les baignades ne seront pas ouvertes.<\/p>\n<p>            Le site de Bercy ouvert tous les jours, du 5 juillet jusqu&rsquo;au 31 ao\u00fbt<\/p>\n<p class=\"article-p mdl\">Pas besoin d&rsquo;\u00eatre L\u00e9on Marchand ou Florent Manaudou, ni d&rsquo;avoir leur musculature pour entrer dans les bassins, il suffit simplement de savoir nager. Pierre Rabadan, adjoint \u00e0 la Maire de Paris en charge du sport, rappelle le\u00a0<a class=\"link\" href=\"https:\/\/www.rtl.fr\/actu\/debats-societe\/seine-quels-sont-les-sites-ou-la-baignade-est-autorisee-cet-ete-7900505470\" target=\"_blank\" rel=\"nofollow noopener\">fonctionnement du site<\/a>\u00a0: \u00ab\u00a0Il\u00a0va pouvoir accueillir 700 personnes et <strong>300 personnes dans l&rsquo;eau<\/strong> et est interdit aux enfants de moins de 10 ans\u00a0\u00bb.<\/p>\n<p class=\"article-p mdl\">Aussi, tous ces sites sont en acc\u00e8s gratuit et il n&rsquo;y aura <strong>pas de pr\u00e9inscription<\/strong>. Cette piscine dans la Seine sera ouverte tous les jours de 11h \u00e0 21h du 5 juillet au 31 ao\u00fbt. En attendant l&rsquo;ouverture, ce samedi, les Parisiens regardent avec attention ce chantier se terminer. C&rsquo;est le cas de\u00a0Lucie et Anna, assises sur le quai qui fait face aux bassins, pendant leur pause repas du midi. Une fois la piscine ouverte, iront-elles s&rsquo;y baigner ? \u00ab\u00a0Si l&rsquo;eau est propre, je dirais pourquoi pas, parce qu&rsquo;il n&rsquo;y a pas beaucoup d&rsquo;endroits pour se baigner \u00e0 Paris\u00a0\u00bb, avoue l&rsquo;une d&rsquo;entre elles et ajoute \u00ab\u00a0si on peut se baigner\u00a0<a class=\"link\" href=\"https:\/\/www.rtl.fr\/actu\/debats-societe\/canicule-comment-les-ecoles-s-adaptent-elles-a-la-chaleur-7900520329\" target=\"_blank\" rel=\"nofollow noopener\">en pleine canicule<\/a>, ce serait une bonne id\u00e9e\u00a0\u00bb.\u00a0<\/p>\n<p class=\"article-p mdl\">Cette ouverture \u00e0 la baignade proche de Bercy est aussi l&rsquo;occasion\u00a0pour la pr\u00e9fecture de rappeler qu&rsquo;on ne peut pas se baigner n&rsquo;importe o\u00f9 \u00e0 Paris. Cela peut m\u00eame <strong>\u00eatre tr\u00e8s dangereux.\u00a0<\/strong>C&rsquo;est ce que nous indique \u00c9lise Lavielle, de la pr\u00e9fecture de police de Paris : \u00ab\u00a0Il y a un risque de noyade, les courants sont assez forts, on a de la navigation et puis il y a aussi un risque d&rsquo;hydrocution ou un risque de heurter des objets qui sont dans le fond de l&rsquo;eau si on saute \u00e0 partir de ponts\u00a0\u00bb.\u00a0<\/p>\n<p>    La r\u00e9daction vous recommande<\/p>\n<p class=\"s-newsletter__title\">\n                L\u2019actualit\u00e9 par la r\u00e9daction de RTL dans votre bo\u00eete mail.\n            <\/p>\n<p class=\"s-newsletter__subtitle\">\n                Gr\u00e2ce \u00e0 votre compte RTL abonnez-vous \u00e0 la newsletter RTL info pour suivre toute l&rsquo;actualit\u00e9 au quotidien\n            <\/p>\n<p>\n                                    Lire la suite\n                                <\/p>\n","protected":false},"excerpt":{"rendered":"Sous une passerelle face \u00e0 la biblioth\u00e8que Fran\u00e7ois Mitterrand, proche de Bercy, vous trouvez deux immenses bassins. Des&hellip;\n","protected":false},"author":2,"featured_media":217406,"comment_status":"","ping_status":"","sticky":false,"template":"","format":"standard","meta":{"footnotes":""},"categories":[1888],"tags":[11,15109,14846,1777,674,107,1011,27,12,626,5922,25,13578,13527],"class_list":{"0":"post-217405","1":"post","2":"type-post","3":"status-publish","4":"format-standard","5":"has-post-thumbnail","7":"category-paris","8":"tag-actualites","9":"tag-baignade","10":"tag-bercy","11":"tag-eu","12":"tag-europe","13":"tag-fil-info","14":"tag-fr","15":"tag-france","16":"tag-news","17":"tag-paris","18":"tag-piscine","19":"tag-republique-francaise","20":"tag-risque-sanitaire","21":"tag-seine"},"share_on_mastodon":{"url":"https:\/\/pubeurope.com\/@fr\/114776317877528897","error":""},"_links":{"self":[{"href":"https:\/\/www.europesays.com\/fr\/wp-json\/wp\/v2\/posts\/217405","targetHints":{"allow":["GET"]}}],"collection":[{"href":"https:\/\/www.europesays.com\/fr\/wp-json\/wp\/v2\/posts"}],"about":[{"href":"https:\/\/www.europesays.com\/fr\/wp-json\/wp\/v2\/types\/post"}],"author":[{"embeddable":true,"href":"https:\/\/www.europesays.com\/fr\/wp-json\/wp\/v2\/users\/2"}],"replies":[{"embeddable":true,"href":"https:\/\/www.europesays.com\/fr\/wp-json\/wp\/v2\/comments?post=217405"}],"version-history":[{"count":0,"href":"https:\/\/www.europesays.com\/fr\/wp-json\/wp\/v2\/posts\/217405\/revisions"}],"wp:featuredmedia":[{"embeddable":true,"href":"https:\/\/www.europesays.com\/fr\/wp-json\/wp\/v2\/media\/217406"}],"wp:attachment":[{"href":"https:\/\/www.europesays.com\/fr\/wp-json\/wp\/v2\/media?parent=217405"}],"wp:term":[{"taxonomy":"category","embeddable":true,"href":"https:\/\/www.europesays.com\/fr\/wp-json\/wp\/v2\/categories?post=217405"},{"taxonomy":"post_tag","embeddable":true,"href":"https:\/\/www.europesays.com\/fr\/wp-json\/wp\/v2\/tags?post=217405"}],"curies":[{"name":"wp","href":"https:\/\/api.w.org\/{rel}","templated":true}]}}