{"id":217457,"date":"2025-07-01T05:56:11","date_gmt":"2025-07-01T05:56:11","guid":{"rendered":"https:\/\/www.europesays.com\/fr\/217457\/"},"modified":"2025-07-01T05:56:11","modified_gmt":"2025-07-01T05:56:11","slug":"en-pologne-la-cour-supreme-tranche-sur-la-validite-de-la-presidentielle-actualites","status":"publish","type":"post","link":"https:\/\/www.europesays.com\/fr\/217457\/","title":{"rendered":"En Pologne, la Cour supr\u00eame tranche sur la validit\u00e9 de la pr\u00e9sidentielle : Actualit\u00e9s"},"content":{"rendered":"<p class=\"lead \">La Cour supr\u00eame de Pologne doit trancher mardi sur la validit\u00e9 de l&rsquo;\u00e9lection pr\u00e9sidentielle de juin, remport\u00e9e par le candidat nationaliste, face \u00e0 de nombreuses plaintes sur le d\u00e9roulement du scrutin et \u00e0 des doutes sur la l\u00e9gimit\u00e9 de la chambre de la Cour charg\u00e9e de l&rsquo;affaire. <\/p>\n<p class=\"lead \">Selon la Commission \u00e9lectorale, Karol Nawrocki, un historien soutenu par le parti nationaliste Droit et Justice (PiS), a obtenu 50,89% des voix au second tour du 1er juin, alors que son rival, le maire de Varsovie, Rafal Trzaskowski, soutenu par la coalition pro-UE en place, a obtenu 369.000 voix de moins, dans ce pays de 38 millions d&rsquo;habitants.<\/p>\n<p class=\"lead \">Tous les doutes relatifs au proc\u00e8s \u00e9lectoral et \u00e0 sa validation ont d&rsquo;ores et d\u00e9j\u00e0 \u00e9t\u00e9 qualifi\u00e9s par le PiS de tentatives de \u00ab\u00a0voler les \u00e9lections\u00a0\u00bb.<\/p>\n<p class=\"lead \">En vertu de la Constitution, la Cour supr\u00eame doit donner son aval avant que le candidat \u00e9lu puisse pr\u00eater serment devant les deux chambres du Parlement lors d&rsquo;une c\u00e9r\u00e9monie pr\u00e9vue le 6 ao\u00fbt.<\/p>\n<p class=\"lead \">Cependant, la l\u00e9gitimit\u00e9 de la Chambre des recours extraordinaires et des affaires publiques, mise en place par le gouvernement nationaliste pr\u00e9c\u00e9dent, et qui doit trancher mardi, a \u00e9t\u00e9 remise en question par la justice europ\u00e9enne, par une bonne partie de la classe politique, des magistrats et des experts.<\/p>\n<p class=\"lead \">En 2023, la Cour europ\u00e9enne des Droits de l&rsquo;Homme a estim\u00e9 que cette chambre ne r\u00e9pondait pas \u00e0 la d\u00e9finition d&rsquo;un \u00ab\u00a0tribunal ind\u00e9pendant et impartial \u00e9tabli par la loi\u00a0\u00bb.<\/p>\n<p class=\"lead \">Lundi, le Premier ministre Donald Tusk a rappel\u00e9 que chaque d\u00e9cision de cette chambre est d\u00e9sormais publi\u00e9e dans le Journal officiel avec une annotation indiquant que son \u00ab\u00a0arr\u00eat est intrins\u00e8quement entach\u00e9 d&rsquo;une irr\u00e9gularit\u00e9 juridique\u00a0\u00bb, \u00e9tant donn\u00e9 que cette chambre est \u00ab\u00a0mal constitu\u00e9e au sein de la Cour supr\u00eame\u00a0\u00bb.<\/p>\n<p class=\"lead \">N\u00e9anmoins, a reconnu M. Tusk \u00ab\u00a0il n&rsquo;est pas possible (&#8230;) que la Cour supr\u00eame soit remplac\u00e9e dans cette affaire, \u00e0 savoir la reconnaissance de la validit\u00e9 ou de l&rsquo;invalidit\u00e9 des \u00e9lections, par le bureau du procureur ou le gouvernement\u00a0\u00bb.<\/p>\n<p class=\"lead \">&#8211; \u00ab\u00a0Paralyser la Cour supr\u00eame\u00a0\u00bb &#8211;<\/p>\n<p class=\"lead \">Depuis le second tour de la pr\u00e9sidentielle, la Cour supr\u00eame a re\u00e7u environ 56.000 plaintes concernant le scrutin. <\/p>\n<p class=\"lead \">Les juges ont d\u00e9j\u00e0 class\u00e9 sans suite plus de 50.000 de ces plaintes, bas\u00e9es notamment sur des mod\u00e8les de plaintes diffus\u00e9s sur les r\u00e9seaux sociaux, d\u00e9nonc\u00e9es par la pr\u00e9sidente de la Cour, Malgorzata Manowska, comme une \u00ab\u00a0op\u00e9ration visant (&#8230;) \u00e0 paralyser la Cour supr\u00eame\u00a0\u00bb. <\/p>\n<p class=\"lead \">La Cour avait cependant ordonn\u00e9 le recomptage des r\u00e9sultats de 13 bureaux de vote au d\u00e9but du mois. Les procureurs nationaux ont d\u00e9clar\u00e9 par la suite que dans certains de ces bureaux des voix avaient \u00e9t\u00e9 transf\u00e9r\u00e9es d&rsquo;un candidat \u00e0 l&rsquo;autre, principalement en faveur de M. Nawrocki.<\/p>\n<p class=\"lead \">Roman Giertych, d\u00e9put\u00e9 de la coalition gouvernementale et auteur de l&rsquo;un des mod\u00e8les de plaintes diffus\u00e9es en ligne, soup\u00e7onne qu&rsquo;il y a bien eu une r\u00e9affectation des votes en faveur de M. Nawrocki et un truquage des bulletins de vote.<\/p>\n<p class=\"lead \">Avec plusieurs experts, il appelle \u00e0 recompter les voix \u00e0 l&rsquo;\u00e9chelle nationale et m\u00eame \u00e0 reporter la c\u00e9r\u00e9monie du serment pr\u00e9sidentiel, le temps d&rsquo;\u00e9lucider les irr\u00e9gularit\u00e9s.<\/p>\n<p class=\"lead \">Ces experts estiment que l&rsquo;Etat de droit a \u00e9t\u00e9 mis \u00e0 mal par les r\u00e9formes introduites par gouvernement nationaliste pr\u00e9c\u00e9dent et le pr\u00e9sident sortant Andrzej Duda. Ces r\u00e9formes ont expos\u00e9 la Pologne \u00e0 un long bras de fer avec la Commission europ\u00e9enne, att\u00e9nu\u00e9 depuis l&rsquo;arriv\u00e9e au pouvoir de la coalition pro-europ\u00e9enne en octobre 2023. <\/p>\n<p class=\"lead \">Le pr\u00e9sident du Parlement \u00ab\u00a0devra prendre une d\u00e9cision, conscient de toutes les d\u00e9faillances constitutionnelles et proc\u00e9durales qui se sont produites\u00a0\u00bb, a d\u00e9clar\u00e9 lundi au site Money.pl le ministre de la Justice, Adam Bodnar.<\/p>\n<p class=\"lead \">Le pr\u00e9sident du Parlement Szymon Holownia, ainsi que nombre d&rsquo;autres membres de la coalition au pouvoir, ont jusqu&rsquo;\u00e0 pr\u00e9sent fermement rejet\u00e9 l&rsquo;id\u00e9e de reporter le serment pr\u00e9sidentiel. <\/p>\n<p class=\"lead \">Ind\u00e9pendamment, le ministre de la Justice, qui est aussi chef du parquet national, a convoqu\u00e9 un groupe de procureurs charg\u00e9s d&rsquo;examiner les \u00ab\u00a0irr\u00e9gularit\u00e9s\u00a0\u00bb dans le recensement des votes.<\/p>\n<p class=\"lead \">\u00ab\u00a0Il faut enqu\u00eater partout o\u00f9 il y a soup\u00e7on de crime\u00a0\u00bb, a expliqu\u00e9 Donald Tusk.<\/p>\n<p class=\"small font-weight-bold text-gray3 \"> publi\u00e9 le 1 juillet \u00e0 05h01, AFP<\/p>\n<p>                             Partager<\/p>\n","protected":false},"excerpt":{"rendered":"La Cour supr\u00eame de Pologne doit trancher mardi sur la validit\u00e9 de l&rsquo;\u00e9lection pr\u00e9sidentielle de juin, remport\u00e9e par&hellip;\n","protected":false},"author":2,"featured_media":217458,"comment_status":"","ping_status":"","sticky":false,"template":"","format":"standard","meta":{"footnotes":""},"categories":[5],"tags":[11910,11,1011,27,14,303,12,2437,3693,28],"class_list":{"0":"post-217457","1":"post","2":"type-post","3":"status-publish","4":"format-standard","5":"has-post-thumbnail","7":"category-international","8":"tag-lections","9":"tag-actualites","10":"tag-fr","11":"tag-france","12":"tag-international","13":"tag-justice","14":"tag-news","15":"tag-pologne","16":"tag-tribunal","17":"tag-world"},"share_on_mastodon":{"url":"https:\/\/pubeurope.com\/@fr\/114776439756375181","error":""},"_links":{"self":[{"href":"https:\/\/www.europesays.com\/fr\/wp-json\/wp\/v2\/posts\/217457","targetHints":{"allow":["GET"]}}],"collection":[{"href":"https:\/\/www.europesays.com\/fr\/wp-json\/wp\/v2\/posts"}],"about":[{"href":"https:\/\/www.europesays.com\/fr\/wp-json\/wp\/v2\/types\/post"}],"author":[{"embeddable":true,"href":"https:\/\/www.europesays.com\/fr\/wp-json\/wp\/v2\/users\/2"}],"replies":[{"embeddable":true,"href":"https:\/\/www.europesays.com\/fr\/wp-json\/wp\/v2\/comments?post=217457"}],"version-history":[{"count":0,"href":"https:\/\/www.europesays.com\/fr\/wp-json\/wp\/v2\/posts\/217457\/revisions"}],"wp:featuredmedia":[{"embeddable":true,"href":"https:\/\/www.europesays.com\/fr\/wp-json\/wp\/v2\/media\/217458"}],"wp:attachment":[{"href":"https:\/\/www.europesays.com\/fr\/wp-json\/wp\/v2\/media?parent=217457"}],"wp:term":[{"taxonomy":"category","embeddable":true,"href":"https:\/\/www.europesays.com\/fr\/wp-json\/wp\/v2\/categories?post=217457"},{"taxonomy":"post_tag","embeddable":true,"href":"https:\/\/www.europesays.com\/fr\/wp-json\/wp\/v2\/tags?post=217457"}],"curies":[{"name":"wp","href":"https:\/\/api.w.org\/{rel}","templated":true}]}}