{"id":217472,"date":"2025-07-01T06:07:09","date_gmt":"2025-07-01T06:07:09","guid":{"rendered":"https:\/\/www.europesays.com\/fr\/217472\/"},"modified":"2025-07-01T06:07:09","modified_gmt":"2025-07-01T06:07:09","slug":"un-festi-jeunes-pour-donner-de-la-voix-a-toute-une-generation","status":"publish","type":"post","link":"https:\/\/www.europesays.com\/fr\/217472\/","title":{"rendered":"un Festi-jeunes pour donner de la voix \u00e0 toute une g\u00e9n\u00e9ration"},"content":{"rendered":"<p>            Par<br \/>\n        <strong><br \/>\n            <a href=\"https:\/\/actu.fr\/auteur\/metropoop\" title=\"Consulter tous les articles de R\u00e9daction M\u00e9tropolitain\" target=\"_blank\" rel=\"noopener\">R\u00e9daction M\u00e9tropolitain<\/a><br \/>\n        <\/strong><\/p>\n<p>        Publi\u00e9 le<\/p>\n<p>            1 juil. 2025 \u00e0 7h57        <\/p>\n<p>Sur la place du Nombre d\u2019Or, le b\u00e9ton se couvrira de couleurs, les sourires fuseront et les sons urbains r\u00e9sonneront jusqu\u2019au soir. Le Festi-jeunes revient <strong>ce mercredi 2 juillet 2025<\/strong> \u00e0 Montpellier pour une \u00e9dition 2025 qui promet d\u2019\u00eatre particuli\u00e8rement vivante. Organis\u00e9 par les Maisons Pour Tous, ce rendez-vous annuel d\u00e9di\u00e9 \u00e0 la jeunesse met \u00e0 l\u2019honneur celles et ceux qui font battre le c\u0153ur de la ville : ses jeunes, leurs id\u00e9es, leur cr\u00e9ativit\u00e9, leur \u00e9nergie. Pendant toute une journ\u00e9e, Montpellier leur donne la sc\u00e8ne, les murs, la parole\u2026 et la f\u00eate.<\/p>\n<p>    <a href=\"https:\/\/www.google.com\/maps\/embed?pb=!1m18!1m12!1m3!1d11556.70365169137!2d3.8567936!3d43.60287875!2m3!1f0!2f0!3f0!3m2!1i1024!2i768!4f13.1!3m3!1m2!1s0x12b6af9fbb2e4463%3A0x4ab9770e8287f438!2sPl.%20du%20Nombre%20d%27Or%2C%2034000%20Montpellier!5e0!3m2!1sfr!2sfr!4v1751036318912!5m2!1sfr!2sfr\" title=\"Ouvrie le lien\" target=\"_blank\" rel=\"noopener\">Cliquez ici pour visualiser le contenu<\/a><\/p>\n<p>Un \u00e9v\u00e9nement gratuit, festif et f\u00e9d\u00e9rateur<\/p>\n<p class=\" wall-content\">Le Festi-jeunes 2025 s\u2019adresse \u00e0 un large public, de tous horizons et de tous \u00e2ges. \u00c0 partir de l\u2019apr\u00e8s-midi, une multitude d\u2019activit\u00e9s animeront la place. Au programme : mur digital interactif, espace manga, tatouages \u00e9ph\u00e9m\u00e8res pour les plus curieux, et un Laser Game qui promet de s\u00e9duire les amateurs de sensations. Des espaces d\u2019exposition seront install\u00e9s sur le site. Les visiteurs pourront y (re)d\u00e9couvrir les s\u00e9jours organis\u00e9s \u00e0 Barcelone et \u00e0 Heidelberg. <strong> De 16h \u00e0 20h<\/strong>, un temps fort du festival r\u00e9unira artistes en herbe et passionn\u00e9s d\u2019art urbain. Le graffeur Evarist animera un atelier ouvert \u00e0 tous. Sous sa supervision, les jeunes pourront apprendre les bases du graffiti et exp\u00e9rimenter diff\u00e9rentes techniques. Tout au long de la journ\u00e9e, une sc\u00e8ne ouverte permettra aux jeunes talents de se produire : musique, chant, slam, danse, stand-up\u2026<\/p>\n<p class=\" wall-content\"><strong> D\u00e8s 20h<\/strong>, le ton change. Place \u00e0 la f\u00eate ! Un spectacle humoristique viendra d\u00e9tendre l\u2019atmosph\u00e8re et faire rire le public avant que DJ Kris ne prenne les commandes de la soir\u00e9e. Le Festi-jeunes ne laisse personne de c\u00f4t\u00e9. L\u2019acc\u00e8s est gratuit, sans inscription pr\u00e9alable, et un dispositif d\u2019accueil pour les personnes \u00e0 mobilit\u00e9 r\u00e9duite a \u00e9t\u00e9 mis en place.\u00a0<\/p>\n<p><strong>&gt;<\/strong> Toutes les infos pratiques sur le Festi-jeunes 2025 \u00e0 retrouver <a href=\"https:\/\/www.montpellier-tourisme.fr\/agenda\/tout-l-agenda\/festi-jeunes-montpellier-fr-5808242\/\" target=\"_blank\" rel=\"noopener\">ici<\/a>Vid\u00e9os : en ce moment sur Actu<\/p>\n<p class=\" wall-content\">Suivez toute l\u2019actualit\u00e9 de vos villes et m\u00e9dias favoris en vous inscrivant \u00e0 <a href=\"https:\/\/moncompte.actu.fr\" title=\"D\u00e9couvez Mon Actu\" rel=\"nofollow noopener\" data-trk=\"{&quot;cta&quot;:{&quot;action&quot;:&quot;https:\\\/\\\/moncompte.actu.fr&quot;,&quot;category&quot;:&quot;mon compte&quot;,&quot;from&quot;:&quot;article footer&quot;,&quot;name&quot;:&quot;Mon actu&quot;,&quot;type&quot;:&quot;cta&quot;}}\" target=\"_blank\">Mon Actu<\/a>.<\/p>\n","protected":false},"excerpt":{"rendered":"Par R\u00e9daction M\u00e9tropolitain Publi\u00e9 le 1 juil. 2025 \u00e0 7h57 Sur la place du Nombre d\u2019Or, le b\u00e9ton&hellip;\n","protected":false},"author":2,"featured_media":217473,"comment_status":"","ping_status":"","sticky":false,"template":"","format":"standard","meta":{"footnotes":""},"categories":[9599],"tags":[1111,11,1777,674,849,1011,27,1652,2208,873,12,2680,25,7189,3176],"class_list":{"0":"post-217472","1":"post","2":"type-post","3":"status-publish","4":"format-standard","5":"has-post-thumbnail","7":"category-montpellier","8":"tag-actu","9":"tag-actualites","10":"tag-eu","11":"tag-europe","12":"tag-festival","13":"tag-fr","14":"tag-france","15":"tag-loisirs-culture","16":"tag-montpellier","17":"tag-musique","18":"tag-news","19":"tag-occitanie","20":"tag-republique-francaise","21":"tag-street-art","22":"tag-vacances-scolaires"},"share_on_mastodon":{"url":"https:\/\/pubeurope.com\/@fr\/114776483230602144","error":""},"_links":{"self":[{"href":"https:\/\/www.europesays.com\/fr\/wp-json\/wp\/v2\/posts\/217472","targetHints":{"allow":["GET"]}}],"collection":[{"href":"https:\/\/www.europesays.com\/fr\/wp-json\/wp\/v2\/posts"}],"about":[{"href":"https:\/\/www.europesays.com\/fr\/wp-json\/wp\/v2\/types\/post"}],"author":[{"embeddable":true,"href":"https:\/\/www.europesays.com\/fr\/wp-json\/wp\/v2\/users\/2"}],"replies":[{"embeddable":true,"href":"https:\/\/www.europesays.com\/fr\/wp-json\/wp\/v2\/comments?post=217472"}],"version-history":[{"count":0,"href":"https:\/\/www.europesays.com\/fr\/wp-json\/wp\/v2\/posts\/217472\/revisions"}],"wp:featuredmedia":[{"embeddable":true,"href":"https:\/\/www.europesays.com\/fr\/wp-json\/wp\/v2\/media\/217473"}],"wp:attachment":[{"href":"https:\/\/www.europesays.com\/fr\/wp-json\/wp\/v2\/media?parent=217472"}],"wp:term":[{"taxonomy":"category","embeddable":true,"href":"https:\/\/www.europesays.com\/fr\/wp-json\/wp\/v2\/categories?post=217472"},{"taxonomy":"post_tag","embeddable":true,"href":"https:\/\/www.europesays.com\/fr\/wp-json\/wp\/v2\/tags?post=217472"}],"curies":[{"name":"wp","href":"https:\/\/api.w.org\/{rel}","templated":true}]}}