{"id":217476,"date":"2025-07-01T06:09:10","date_gmt":"2025-07-01T06:09:10","guid":{"rendered":"https:\/\/www.europesays.com\/fr\/217476\/"},"modified":"2025-07-01T06:09:10","modified_gmt":"2025-07-01T06:09:10","slug":"pourquoi-le-phenomene-est-de-plus-en-plus-frequent","status":"publish","type":"post","link":"https:\/\/www.europesays.com\/fr\/217476\/","title":{"rendered":"pourquoi le ph\u00e9nom\u00e8ne est de plus en plus fr\u00e9quent"},"content":{"rendered":"<p>            Par<br \/>\n        <strong><br \/>\n            <a href=\"https:\/\/actu.fr\/auteur\/adrien-tisserand\" title=\"Consulter tous les articles de Adrien Tisserand\" rel=\"nofollow noopener\" target=\"_blank\">Adrien Tisserand<\/a><br \/>\n        <\/strong><\/p>\n<p>        Publi\u00e9 le<\/p>\n<p>            1 juil. 2025 \u00e0 7h28        <\/p>\n<p>Des arbres couch\u00e9s, des toitures arrach\u00e9es, <a href=\"https:\/\/actu.fr\/normandie\/rouen_76540\/rues-inondees-et-pluie-de-grelons-la-tempete-s-est-abattue-sur-rouen-les-images-du-phenomene_62826700.html\" rel=\"nofollow noopener\" target=\"_blank\">des caves de maisons inond\u00e9es<\/a>\u2026 Le sc\u00e9nario du mercredi 25\u00a0juin 2025 \u00e0<strong> Rouen ou ailleurs en Seine-Maritime<\/strong>, avec plus <a href=\"https:\/\/actu.fr\/normandie\/rouen_76540\/intervention-des-pompiers-trafic-sncf-on-fait-le-point-apres-le-violent-orage-dans-la-region-de-rouen_62826818.html\" rel=\"nofollow noopener\" target=\"_blank\">d\u2019une centaine d\u2019interventions de sapeurs-pompiers<\/a> sur le d\u00e9partement, pourrait bien se r\u00e9p\u00e9ter \u00e0 l\u2019avenir. C\u2019est la cons\u00e9quence logique d\u2019un r\u00e9chauffement global de l\u2019atmosph\u00e8re. On vous explique.<\/p>\n<p>Plus fr\u00e9quent et plus pr\u00e9coce<\/p>\n<p class=\" wall-content\">Ces masses d\u2019air chaudes qui se multiplient ces derniers jours sont \u00e0 l\u2019origine des chutes de gr\u00eale, comme l\u2019explique <strong>Guillaume S\u00e9chet<\/strong>, m\u00e9t\u00e9orologiste. \u00ab\u2009Plus les courants d\u2019air ascendants et descendants sont violents, plus la gr\u00eale form\u00e9e peut \u00eatre grosse. La taille des gr\u00ealons est un bon indicateur de la violence des orages. Plus l\u2019air est chaud au sol, plus ces courants ascendants sont intenses\u2009\u00bb, explique-t-il.<\/p>\n<p class=\" wall-content\">Il rajoute\u2009: \u00ab\u2009D\u2019autant que l\u2019air reste froid en altitude en France, surtout dans le Nord, contrairement aux r\u00e9gions tropicales.\u2009\u00bb<\/p>\n<p class=\" wall-content\">Si la formation de gr\u00eale au sein des orages supercellulaires peut donc \u00eatre directement imput\u00e9e au r\u00e9chauffement climatique, c\u2019est surtout<strong> la fr\u00e9quence, la pr\u00e9cocit\u00e9 et l\u2019intensit\u00e9 de ces orages<\/strong> qui est nouvelle, selon Laurent Labeyrie, ancien pal\u00e9oclimatologue. \u00ab\u2009Les orages d\u2019\u00e9t\u00e9 sont li\u00e9s \u00e0 la temp\u00e9rature de l\u2019oc\u00e9an, avant, ils arrivaient au milieu de l\u2019\u00e9t\u00e9, lorsque l\u2019eau \u00e9tait la plus chaude. Mais l\u2019oc\u00e9an chauffe et va continuer de chauffer d\u2019un degr\u00e9 et demi en 50\u00a0ans. Donc<strong> toute la dynamique s\u2019accro\u00eet<\/strong>. Les orages sont d\u00e9sormais plus forts d\u00e8s le mois de juin.\u2009\u00bb<\/p>\n<p>Pas encore de lien \u00e9tabli avec le r\u00e9chauffement climatique<\/p>\n<p class=\" wall-content\">Le risque d\u2019orage<strong> reste important sur la Seine-Maritime<\/strong> pour la journ\u00e9e du mercredi 2\u00a0juillet. Guillaume S\u00e9chet explique\u2009: \u00ab\u2009A priori, ce sera <strong>moins important<\/strong> que lors des deux pr\u00e9c\u00e9dents \u00e9pisodes de juin. Au moment o\u00f9 l\u2019air plus frais va arriver d\u00e8s mercredi, il y aura <strong>un contraste \u00e9norme<\/strong> avec l\u2019air tr\u00e8s frais sur l\u2019Atlantique. L\u2019orage va arriver d\u2019un seul coup sur la Normandie, mais la Seine-Maritime ne sera a priori pas vraiment concern\u00e9e.\u2009\u00bb<\/p>\n<p class=\" wall-content\">Il temp\u00e8re toutefois\u2009: \u00ab\u2009On observe davantage de rafales et de fortes gr\u00eales <strong>en Normandie<\/strong> et en France. Mais il faut \u00eatre transparents, factuels et relativiser aussi avec <strong>les r\u00e9seaux sociaux<\/strong> qui amplifient ces ph\u00e9nom\u00e8nes m\u00e9t\u00e9orologiques\u2009\u00bb.<\/p>\n<p class=\" wall-content\">Aucune vigilance canicule ni orages n\u2019est pr\u00e9vue pour la Seine-Maritime ce mardi 1er\u00a0juillet. Mais la situation<strong> pourrait rapidement \u00e9voluer<\/strong>.<\/p>\n<p>Suivez l\u2019actualit\u00e9 de Rouen <a href=\"https:\/\/www.whatsapp.com\/channel\/0029VaKfnf99hXF2ddApFB1D\" rel=\"nofollow noopener\" target=\"_blank\">sur notre cha\u00eene WhatsApp<\/a> et <a href=\"https:\/\/www.tiktok.com\/@76actu.fr?lang=fr\" rel=\"nofollow noopener\" target=\"_blank\">sur notre compte TikTok<\/a><\/p>\n<p class=\" wall-content\">Suivez toute l\u2019actualit\u00e9 de vos villes et m\u00e9dias favoris en vous inscrivant \u00e0 <a href=\"https:\/\/moncompte.actu.fr\" title=\"D\u00e9couvez Mon Actu\" rel=\"nofollow noopener\" data-trk=\"{&quot;cta&quot;:{&quot;action&quot;:&quot;https:\\\/\\\/moncompte.actu.fr&quot;,&quot;category&quot;:&quot;mon compte&quot;,&quot;from&quot;:&quot;article footer&quot;,&quot;name&quot;:&quot;Mon actu&quot;,&quot;type&quot;:&quot;cta&quot;}}\" target=\"_blank\">Mon Actu<\/a>.<\/p>\n<p>                    <script async src=\"\/\/www.tiktok.com\/embed.js\"><\/script><\/p>\n","protected":false},"excerpt":{"rendered":"Par Adrien Tisserand Publi\u00e9 le 1 juil. 2025 \u00e0 7h28 Des arbres couch\u00e9s, des toitures arrach\u00e9es, des caves&hellip;\n","protected":false},"author":2,"featured_media":217477,"comment_status":"","ping_status":"","sticky":false,"template":"","format":"standard","meta":{"footnotes":""},"categories":[9587],"tags":[1111,11,1777,674,1011,27,2487,2357,12,5161,25,9590],"class_list":{"0":"post-217476","1":"post","2":"type-post","3":"status-publish","4":"format-standard","5":"has-post-thumbnail","7":"category-rouen","8":"tag-actu","9":"tag-actualites","10":"tag-eu","11":"tag-europe","12":"tag-fr","13":"tag-france","14":"tag-meteo","15":"tag-meteo-france","16":"tag-news","17":"tag-normandie","18":"tag-republique-francaise","19":"tag-rouen"},"share_on_mastodon":{"url":"https:\/\/pubeurope.com\/@fr\/114776490802169089","error":""},"_links":{"self":[{"href":"https:\/\/www.europesays.com\/fr\/wp-json\/wp\/v2\/posts\/217476","targetHints":{"allow":["GET"]}}],"collection":[{"href":"https:\/\/www.europesays.com\/fr\/wp-json\/wp\/v2\/posts"}],"about":[{"href":"https:\/\/www.europesays.com\/fr\/wp-json\/wp\/v2\/types\/post"}],"author":[{"embeddable":true,"href":"https:\/\/www.europesays.com\/fr\/wp-json\/wp\/v2\/users\/2"}],"replies":[{"embeddable":true,"href":"https:\/\/www.europesays.com\/fr\/wp-json\/wp\/v2\/comments?post=217476"}],"version-history":[{"count":0,"href":"https:\/\/www.europesays.com\/fr\/wp-json\/wp\/v2\/posts\/217476\/revisions"}],"wp:featuredmedia":[{"embeddable":true,"href":"https:\/\/www.europesays.com\/fr\/wp-json\/wp\/v2\/media\/217477"}],"wp:attachment":[{"href":"https:\/\/www.europesays.com\/fr\/wp-json\/wp\/v2\/media?parent=217476"}],"wp:term":[{"taxonomy":"category","embeddable":true,"href":"https:\/\/www.europesays.com\/fr\/wp-json\/wp\/v2\/categories?post=217476"},{"taxonomy":"post_tag","embeddable":true,"href":"https:\/\/www.europesays.com\/fr\/wp-json\/wp\/v2\/tags?post=217476"}],"curies":[{"name":"wp","href":"https:\/\/api.w.org\/{rel}","templated":true}]}}