{"id":21748,"date":"2025-04-13T08:33:19","date_gmt":"2025-04-13T08:33:19","guid":{"rendered":"https:\/\/www.europesays.com\/fr\/21748\/"},"modified":"2025-04-13T08:33:19","modified_gmt":"2025-04-13T08:33:19","slug":"un-homme-de-28-ans-tue-par-balles-a-nice-dans-la-nuit","status":"publish","type":"post","link":"https:\/\/www.europesays.com\/fr\/21748\/","title":{"rendered":"Un homme de 28\u00a0ans tu\u00e9 par balles \u00e0 Nice dans la nuit"},"content":{"rendered":"<p>Un homme a \u00e9t\u00e9 tu\u00e9 par balles dans la nuit de vendredi 11\u00a0avril \u00e0 samedi 12\u00a0avril 2025 \u00e0 <a href=\"https:\/\/nice.maville.com\/\/\" target=\"_self\" rel=\"noopener\">Nice<\/a>, a appris l\u2019AFP aupr\u00e8s du parquet de la ville.<\/p>\n<p>L\u2019homicide a \u00e9t\u00e9 commis dans le quartier Pasteur, a indiqu\u00e9 le procureur de la R\u00e9publique Damien Martinelli, sans fournir plus de pr\u00e9cisions, une communication de sa part \u00e9tant pr\u00e9vue dans l\u2019apr\u00e8s-midi.<\/p>\n<p>Selon une source polici\u00e8re, la victime, un homme \u00e2g\u00e9 de 28\u00a0ans, a \u00e9t\u00e9 tu\u00e9e \u00e0 0\u00a0h\u00a045 par deux individus circulant \u00e0 scooter.<\/p>\n<p><strong>Lire aussi<\/strong>\u00a0: <a href=\"https:\/\/nice.maville.com\/actu\/actudet_-nice-un-homme-retrouve-mort-apres-des-tirs-un-suspect-interpelle-_53018-6660835_actu.Htm\" target=\"_self\" rel=\"noopener\">Nice\u00a0: un homme retrouv\u00e9 mort apr\u00e8s des tirs, un suspect interpell\u00e9<\/a><\/p>\n<p>Cinq impacts de balle<\/p>\n<p>L\u2019homme a \u00e9t\u00e9 mortellement touch\u00e9 par cinq impacts de balles au torse et \u00e0 la gorge.<\/p>\n<p>Aucun lien n\u2019est \u00e9tabli dans l\u2019imm\u00e9diat avec un trafic de stup\u00e9fiants mais, selon la m\u00eame source polici\u00e8re, la victime \u00e9tait <strong>\u00ab\u00a0d\u00e9favorablement connue des services\u00a0\u00bb<\/strong> de police.<\/p>\n<p>Le quartier Pasteur, situ\u00e9 dans l\u2019est de la ville, se trouve non loin de points de deal, th\u00e9\u00e2tres r\u00e9cents de r\u00e8glements de comptes.<\/p>\n<p>\u00a0<\/p>\n","protected":false},"excerpt":{"rendered":"Un homme a \u00e9t\u00e9 tu\u00e9 par balles dans la nuit de vendredi 11\u00a0avril \u00e0 samedi 12\u00a0avril 2025 \u00e0&hellip;\n","protected":false},"author":2,"featured_media":21749,"comment_status":"","ping_status":"","sticky":false,"template":"","format":"standard","meta":{"footnotes":""},"categories":[2819],"tags":[8129,1111,11,1764,7951,5492,1777,674,1011,27,4933,12,2401,293,882,25,5911],"class_list":{"0":"post-21748","1":"post","2":"type-post","3":"status-publish","4":"format-standard","5":"has-post-thumbnail","7":"category-nice","8":"tag-8129","9":"tag-actu","10":"tag-actualites","11":"tag-ans","12":"tag-balles","13":"tag-caen","14":"tag-eu","15":"tag-europe","16":"tag-fr","17":"tag-france","18":"tag-homme","19":"tag-news","20":"tag-nice","21":"tag-nuit","22":"tag-provence-alpes-cote-dazur","23":"tag-republique-francaise","24":"tag-tue"},"share_on_mastodon":{"url":"https:\/\/pubeurope.com\/@fr\/114329734519266769","error":""},"_links":{"self":[{"href":"https:\/\/www.europesays.com\/fr\/wp-json\/wp\/v2\/posts\/21748","targetHints":{"allow":["GET"]}}],"collection":[{"href":"https:\/\/www.europesays.com\/fr\/wp-json\/wp\/v2\/posts"}],"about":[{"href":"https:\/\/www.europesays.com\/fr\/wp-json\/wp\/v2\/types\/post"}],"author":[{"embeddable":true,"href":"https:\/\/www.europesays.com\/fr\/wp-json\/wp\/v2\/users\/2"}],"replies":[{"embeddable":true,"href":"https:\/\/www.europesays.com\/fr\/wp-json\/wp\/v2\/comments?post=21748"}],"version-history":[{"count":0,"href":"https:\/\/www.europesays.com\/fr\/wp-json\/wp\/v2\/posts\/21748\/revisions"}],"wp:featuredmedia":[{"embeddable":true,"href":"https:\/\/www.europesays.com\/fr\/wp-json\/wp\/v2\/media\/21749"}],"wp:attachment":[{"href":"https:\/\/www.europesays.com\/fr\/wp-json\/wp\/v2\/media?parent=21748"}],"wp:term":[{"taxonomy":"category","embeddable":true,"href":"https:\/\/www.europesays.com\/fr\/wp-json\/wp\/v2\/categories?post=21748"},{"taxonomy":"post_tag","embeddable":true,"href":"https:\/\/www.europesays.com\/fr\/wp-json\/wp\/v2\/tags?post=21748"}],"curies":[{"name":"wp","href":"https:\/\/api.w.org\/{rel}","templated":true}]}}