{"id":217480,"date":"2025-07-01T06:15:10","date_gmt":"2025-07-01T06:15:10","guid":{"rendered":"https:\/\/www.europesays.com\/fr\/217480\/"},"modified":"2025-07-01T06:15:10","modified_gmt":"2025-07-01T06:15:10","slug":"au-nord-de-rennes-39-pompiers-mobilises-pour-lincendie-dun-batiment-agricole-en-pleine-nuit","status":"publish","type":"post","link":"https:\/\/www.europesays.com\/fr\/217480\/","title":{"rendered":"Au nord de Rennes, 39 pompiers mobilis\u00e9s pour l\u2019incendie d\u2019un b\u00e2timent agricole en pleine nuit"},"content":{"rendered":"<p>\u00c0 2 h 20, dans la nuit de lundi \u00e0 mardi, 39 pompiers sont intervenus pour un feu de b\u00e2timent agricole de 200 m2 au lieu-dit Le Bas Mesnil, \u00e0 La Chapelle-Chauss\u00e9e, au nord de Rennes. Dans le hangar se trouvaient deux tracteurs, de l\u2019engrais et du fourrage. La propagation du feu a \u00e9t\u00e9 stopp\u00e9e gr\u00e2ce \u00e0 cinq lances et une sur bras \u00e9l\u00e9vateur.<\/p>\n<p>\u00c0 6 h 30, ce mardi matin, l\u2019intervention \u00e9tait toujours en cours.<\/p>\n","protected":false},"excerpt":{"rendered":"\u00c0 2 h 20, dans la nuit de lundi \u00e0 mardi, 39 pompiers sont intervenus pour un feu&hellip;\n","protected":false},"author":2,"featured_media":217481,"comment_status":"","ping_status":"","sticky":false,"template":"","format":"standard","meta":{"footnotes":""},"categories":[2821],"tags":[1111,11,829,765,1777,674,118,1011,27,848,5383,12,584,25],"class_list":{"0":"post-217480","1":"post","2":"type-post","3":"status-publish","4":"format-standard","5":"has-post-thumbnail","7":"category-rennes","8":"tag-actu","9":"tag-actualites","10":"tag-bretagne","11":"tag-en-continu","12":"tag-eu","13":"tag-europe","14":"tag-faits-divers","15":"tag-fr","16":"tag-france","17":"tag-ille-et-vilaine","18":"tag-incendies","19":"tag-news","20":"tag-rennes","21":"tag-republique-francaise"},"share_on_mastodon":{"url":"https:\/\/pubeurope.com\/@fr\/114776514608673992","error":""},"_links":{"self":[{"href":"https:\/\/www.europesays.com\/fr\/wp-json\/wp\/v2\/posts\/217480","targetHints":{"allow":["GET"]}}],"collection":[{"href":"https:\/\/www.europesays.com\/fr\/wp-json\/wp\/v2\/posts"}],"about":[{"href":"https:\/\/www.europesays.com\/fr\/wp-json\/wp\/v2\/types\/post"}],"author":[{"embeddable":true,"href":"https:\/\/www.europesays.com\/fr\/wp-json\/wp\/v2\/users\/2"}],"replies":[{"embeddable":true,"href":"https:\/\/www.europesays.com\/fr\/wp-json\/wp\/v2\/comments?post=217480"}],"version-history":[{"count":0,"href":"https:\/\/www.europesays.com\/fr\/wp-json\/wp\/v2\/posts\/217480\/revisions"}],"wp:featuredmedia":[{"embeddable":true,"href":"https:\/\/www.europesays.com\/fr\/wp-json\/wp\/v2\/media\/217481"}],"wp:attachment":[{"href":"https:\/\/www.europesays.com\/fr\/wp-json\/wp\/v2\/media?parent=217480"}],"wp:term":[{"taxonomy":"category","embeddable":true,"href":"https:\/\/www.europesays.com\/fr\/wp-json\/wp\/v2\/categories?post=217480"},{"taxonomy":"post_tag","embeddable":true,"href":"https:\/\/www.europesays.com\/fr\/wp-json\/wp\/v2\/tags?post=217480"}],"curies":[{"name":"wp","href":"https:\/\/api.w.org\/{rel}","templated":true}]}}