{"id":217484,"date":"2025-07-01T06:17:15","date_gmt":"2025-07-01T06:17:15","guid":{"rendered":"https:\/\/www.europesays.com\/fr\/217484\/"},"modified":"2025-07-01T06:17:15","modified_gmt":"2025-07-01T06:17:15","slug":"alsace-les-esprits-sechauffent-dans-des-piscines-de-colmar-et-strasbourg-qui-ferment","status":"publish","type":"post","link":"https:\/\/www.europesays.com\/fr\/217484\/","title":{"rendered":"Alsace. Les esprits s\u2019\u00e9chauffent dans des piscines de Colmar et Strasbourg\u2026 qui ferment"},"content":{"rendered":"<p>La canicule semble avoir deux effets dans les piscines. D\u2019abord un effet visible, avec l\u2019augmentation logique du nombre d\u2019entr\u00e9es, parfois jusqu\u2019\u00e0 la saturation \u2013 un ph\u00e9nom\u00e8ne valable aussi pour les plans d\u2019eau. Le deuxi\u00e8me effet semble \u00eatre l\u2019\u00e9chauffement des esprits qui conduit \u00e0 plusieurs incivilit\u00e9s et \u00e0 des comportements dont les agents sont la cible. Ce dimanche 29\u00a0juin, des incidents de cet ordre ont \u00e9t\u00e9 signal\u00e9s \u00e0 la piscine du Wacken \u00e0 Strasbourg et au stade nautique de Colmar.<\/p>\n<p>  Deux bless\u00e9s \u00e0 Strasbourg<\/p>\n<p>\u00c0 Strasbourg, deux hommes d\u2019une vingtaine d\u2019ann\u00e9es <a href=\"https:\/\/www.dna.fr\/faits-divers-justice\/2025\/06\/30\/wacken-un-mediateur-et-un-maitre-nageur-frappes-la-piscine-ferme-a-14h-ce-lundi\" target=\"_blank\" rel=\"nofollow noopener\">s\u2019en sont pris \u00e0 un m\u00e9diateur qui leur avait fait une remarque<\/a>. Un ma\u00eetre-nageur sauveteur (MNS), qui est intervenu, a \u00e0 son tour \u00e9t\u00e9 la cible des agresseurs. Les deux agents, pr\u00e9sentant dermabrasions et ecchymoses, ont d\u00e9pos\u00e9 plainte. Les deux jeunes ont \u00e9t\u00e9 interpell\u00e9s par la police venue en renfort. Auparavant une bagarre entre des baigneurs avait \u00e9clat\u00e9. Dans l\u2019\u00e9chauffour\u00e9e, une salari\u00e9e de la collectivit\u00e9 a fait une chute. La piscine a \u00e9t\u00e9 \u00e9vacu\u00e9e et ferm\u00e9e dans la foul\u00e9e.<\/p>\n<p>  Menaces de mort \u00e0 Colmar<\/p>\n<p>\u00c0 Colmar, le m\u00eame jour, en fin d\u2019apr\u00e8s-midi, <a href=\"https:\/\/www.dna.fr\/faits-divers-justice\/2025\/06\/30\/le-stade-nautique-ferme-apres-des-insultes-et-menaces-envers-des-agents-de-securite\" target=\"_blank\" rel=\"nofollow noopener\">le personnel du stade nautique, des MNS et les agents de s\u00e9curit\u00e9 ont \u00e9t\u00e9 abreuv\u00e9s d\u2019insultes et de menaces parfois de mort<\/a> , \u00e9manant d\u2019un \u00ab\u00a0groupe de perturbateurs essentiellement compos\u00e9 d\u2019une dizaine ou d\u2019une vingtaine d\u2019individus paraissant majeurs\u00a0\u00bb. Les fauteurs de troubles ont menac\u00e9 de revenir avec des armes, et pour commettre de fortes d\u00e9gradations. D\u2019apr\u00e8s plusieurs t\u00e9moignages, un vigile aurait port\u00e9 un coup de poing \u00e0 un individu \u00e0 qui il venait de demander d\u2019arr\u00eater de fumer un joint, et qui se serait approch\u00e9 de lui de mani\u00e8re mena\u00e7ante. Plusieurs agents vis\u00e9s par des menaces doivent porter plainte ce mardi 1er\u00a0juillet.<\/p>\n<p>  Des fermetures en pleine canicule<\/p>\n<p>La piscine strasbourgeoise du Wacken a en cons\u00e9quence \u00e9t\u00e9 ferm\u00e9e ce lundi. Elle rouvre ce mardi mais avec une restriction du nombre maximum de baigneurs accueillis et un renforcement des \u00e9quipes de s\u00e9curit\u00e9. \u00c0 Colmar, les cons\u00e9quences sont plus lourdes encore. Les agents ont l\u00e9gitimement d\u00e9cid\u00e9 d\u2019exercer leur droit de retrait, le stade nautique a ferm\u00e9 ce lundi et ne rouvrira ses portes que mercredi matin. Des fermetures <a href=\"https:\/\/www.dna.fr\/environnement\/2025\/06\/30\/du-jamais-vu-la-france-vient-de-connaitre-sa-nuit-et-sa-journee-les-plus-chaudes-pour-un-mois-de-juin\" target=\"_blank\" rel=\"nofollow noopener\">en pleine p\u00e9riode de canicule<\/a>.<\/p>\n<p>Jeanne Barseghian, maire de Strasbourg, Pia Imbs, pr\u00e9sidente de l\u2019Eurom\u00e9tropole, et Eric Straumann, maire de Colmar, ont exprim\u00e9 leur solidarit\u00e9 aux agents concern\u00e9s. La CGT a \u00e9galement apport\u00e9 son soutien.<\/p>\n<p>Ce n\u2019est pas la premi\u00e8re fois que de telles incivilit\u00e9s sont commises autour des bassins. \u00c0 Strasbourg, le 13\u00a0juin, des employ\u00e9s de la piscine de Hautepierre ont \u00e9t\u00e9 pris pour cible, une responsable de bassin avait m\u00eame \u00e9t\u00e9 gifl\u00e9e. L\u2019\u00e9quipement avait d\u00fb fermer. Le 14\u00a0juin, c\u2019est \u00e0 l\u2019espace aquatique L\u2019O d\u2019Obernai que les gendarmes ont d\u00fb d\u00e9barquer apr\u00e8s que la tension a vivement mont\u00e9 entre des usagers de l\u2019\u00e9tablissement. Dont certains avaient invectiv\u00e9 une ma\u00eetre-nageuse. Depuis, un agent de s\u00e9curit\u00e9 a \u00e9t\u00e9 embauch\u00e9.<\/p>\n","protected":false},"excerpt":{"rendered":"La canicule semble avoir deux effets dans les piscines. D\u2019abord un effet visible, avec l\u2019augmentation logique du nombre&hellip;\n","protected":false},"author":2,"featured_media":217485,"comment_status":"","ping_status":"","sticky":false,"template":"","format":"standard","meta":{"footnotes":""},"categories":[2820],"tags":[1111,11,2389,6698,271,1687,272,436,1777,674,274,107,1011,27,775,5216,12,25,517,640],"class_list":{"0":"post-217484","1":"post","2":"type-post","3":"status-publish","4":"format-standard","5":"has-post-thumbnail","7":"category-strasbourg","8":"tag-actu","9":"tag-actualites","10":"tag-alsace","11":"tag-canicule","12":"tag-crime","13":"tag-culture-loisirs","14":"tag-delit-et-contravention","15":"tag-environnement","16":"tag-eu","17":"tag-europe","18":"tag-faits-divers-justice","19":"tag-fil-info","20":"tag-fr","21":"tag-france","22":"tag-grand-est","23":"tag-natation","24":"tag-news","25":"tag-republique-francaise","26":"tag-sport","27":"tag-strasbourg"},"share_on_mastodon":{"url":"https:\/\/pubeurope.com\/@fr\/114776522361689307","error":""},"_links":{"self":[{"href":"https:\/\/www.europesays.com\/fr\/wp-json\/wp\/v2\/posts\/217484","targetHints":{"allow":["GET"]}}],"collection":[{"href":"https:\/\/www.europesays.com\/fr\/wp-json\/wp\/v2\/posts"}],"about":[{"href":"https:\/\/www.europesays.com\/fr\/wp-json\/wp\/v2\/types\/post"}],"author":[{"embeddable":true,"href":"https:\/\/www.europesays.com\/fr\/wp-json\/wp\/v2\/users\/2"}],"replies":[{"embeddable":true,"href":"https:\/\/www.europesays.com\/fr\/wp-json\/wp\/v2\/comments?post=217484"}],"version-history":[{"count":0,"href":"https:\/\/www.europesays.com\/fr\/wp-json\/wp\/v2\/posts\/217484\/revisions"}],"wp:featuredmedia":[{"embeddable":true,"href":"https:\/\/www.europesays.com\/fr\/wp-json\/wp\/v2\/media\/217485"}],"wp:attachment":[{"href":"https:\/\/www.europesays.com\/fr\/wp-json\/wp\/v2\/media?parent=217484"}],"wp:term":[{"taxonomy":"category","embeddable":true,"href":"https:\/\/www.europesays.com\/fr\/wp-json\/wp\/v2\/categories?post=217484"},{"taxonomy":"post_tag","embeddable":true,"href":"https:\/\/www.europesays.com\/fr\/wp-json\/wp\/v2\/tags?post=217484"}],"curies":[{"name":"wp","href":"https:\/\/api.w.org\/{rel}","templated":true}]}}