{"id":217490,"date":"2025-07-01T06:20:20","date_gmt":"2025-07-01T06:20:20","guid":{"rendered":"https:\/\/www.europesays.com\/fr\/217490\/"},"modified":"2025-07-01T06:20:20","modified_gmt":"2025-07-01T06:20:20","slug":"a-nantes-des-patients-font-de-laviron-sur-les-bords-de-lerdre","status":"publish","type":"post","link":"https:\/\/www.europesays.com\/fr\/217490\/","title":{"rendered":"\u00e0 Nantes, des patients font de l&rsquo;aviron sur les bords de l&rsquo;Erdre"},"content":{"rendered":"<p>            Par<br \/>\n        <strong><br \/>\n            <a href=\"https:\/\/actu.fr\/auteur\/tristan-mahe-actu-fr\" title=\"Consulter tous les articles de Tristan Mah\u00e9\" target=\"_blank\" rel=\"noopener\">Tristan Mah\u00e9<\/a><br \/>\n        <\/strong><\/p>\n<p>        Publi\u00e9 le<\/p>\n<p>            1 juil. 2025 \u00e0 7h46        <\/p>\n<p>Sur la surface calme de l\u2019Erdre ce jeudi 26\u00a0juin, les avirons se bousculaient\u2026 Plusieurs patients de l\u2019<a href=\"https:\/\/hopitalpriveconfluent.vivalto-sante.com\/\" target=\"_blank\" rel=\"noopener\">h\u00f4pital priv\u00e9 du confluent de Nantes<\/a> atteints du cancer, en r\u00e9mission ou sous traitement, se sont retrouv\u00e9s pour la cinqui\u00e8me fois dans les avirons du <a href=\"https:\/\/www.canantes.com\/\" target=\"_blank\" rel=\"noopener\">Cercle De l\u2019Aviron de Nantes<\/a> pour le projet <strong>\u00ab\u2009aviron sant\u00e9\u2009\u00bb<\/strong>, lanc\u00e9 par la f\u00e9d\u00e9ration d\u2019aviron.<\/p>\n<p>\u00ab\u00a0Une exp\u00e9rience de vie\u00a0\u00bb<\/p>\n<p class=\" wall-content\">Lors du cr\u00e9neau de deux heures, le groupe de sept commence par un <strong>\u00e9chauffement sur les rameurs<\/strong>, puis poursuit avec une <strong>session sur les avirons en individuel<\/strong>. Apr\u00e8s un rappel des consignes, les novices se lancent pour quelques centaines de m\u00e8tres \u00e0 ramer.<\/p>\n<p class=\" wall-content\">La d\u00e9marche vient du club d\u2019aviron, pour qui le projet \u00ab\u2009aviron sant\u00e9\u2009\u00bb est une premi\u00e8re, malgr\u00e9 les nombreuses s\u00e9ances loisirs, handisport ou en entreprise propos\u00e9es. \u00ab\u2009<strong>C\u2019est une exp\u00e9rience de vie diff\u00e9rente<\/strong> et tr\u00e8s enrichissante\u2009\u00bb, affirme Brice Huaulme, \u00e9ducateur dans la structure sportive depuis sept ans maintenant.<\/p>\n<p>    <img   decoding=\"async\" loading=\"lazy\" src=\"https:\/\/www.europesays.com\/fr\/wp-content\/uploads\/2025\/07\/echauffement-rameurs-960x640.jpg\" alt=\"L'\u00e9chauffement se fait sur les rameurs avant d'aller \u00e0 l'eau.\" width=\"960\" height=\"640\"\/><br \/>\n    L\u2019\u00e9chauffement se fait sur les rameurs avant d\u2019aller \u00e0 l\u2019eau. (\u00a9Tristan Mah\u00e9 \/ actu Nantes)<\/p>\n<p class=\" wall-content\">Il explique que les groupes \u00e9tant plus petits, il \u00e9tait plus facile de s\u2019en occuper, de communiquer, et d\u2019\u00e9valuer les progressions de chacun.<\/p>\n<p>Vid\u00e9os : en ce moment sur Actu<\/p>\n<p class=\" wall-content\"><strong>\u00ab\u2009Rompre l\u2019isolement\u2009\u00bb<\/strong><\/p>\n<p class=\" wall-content\">L\u2019h\u00f4pital a l\u2019habitude d\u2019organiser des \u00e9v\u00e9nements de ce genre-l\u00e0 aupr\u00e8s des patients\u2009: <strong>ateliers lecture, \u00e9criture, ou encore nutrition<\/strong>\u2026<\/p>\n<p class=\" wall-content\">Toutes ces activit\u00e9s, dont l\u2019aviron, se font sur la base du <strong>volontariat des malades<\/strong>, et dans la bonne humeur. Tous les participants pr\u00e9sents sont<strong> sous traitement \u00e0 domicile<\/strong>, et non \u00e0 l\u2019h\u00f4pital.<\/p>\n<p><a class=\"jo-module-caroussel__img-container\" href=\"https:\/\/static.actu.fr\/uploads\/2025\/06\/brief-aviron-erdre.jpg\" title=\"Agrandir la photo Brice fait le briefing des participants sur comment man\u0153uvrer un aviron individuel.  (\u00a9 Tristan Mah\u00e9 \/ actu Nantes)\" data-idx=\"1\" target=\"_blank\" rel=\"noopener\"><br \/>\n    <img decoding=\"async\" class=\"jo-module-caroussel__img\" loading=\"lazy\" src=\"https:\/\/www.europesays.com\/fr\/wp-content\/uploads\/2025\/07\/brief-aviron-erdre-640x427.jpg\" alt=\"Brice fait le briefing des participants sur comment man\u0153uvrer un aviron individuel.  (\u00a9 Tristan Mah\u00e9 \/ actu Nantes)\" width=\"640\" height=\"427\"\/><\/a><a class=\"jo-module-caroussel__img-container\" href=\"https:\/\/static.actu.fr\/uploads\/2025\/06\/aviron-depart-rachel.jpg\" title=\"Agrandir la photo Rachel reprend les sports nautiques qu\u2019elle aiamit pratiquer auparavant et se pr\u00e9pare \u00e0 pagayer. (\u00a9 Tristan Mah\u00e9 \/ actu Nantes)\" data-idx=\"2\" target=\"_blank\" rel=\"noopener\"><br \/>\n    <img decoding=\"async\" class=\"jo-module-caroussel__img\" loading=\"lazy\" src=\"https:\/\/www.europesays.com\/fr\/wp-content\/uploads\/2025\/07\/aviron-depart-rachel-640x427.jpg\" alt=\"Rachel reprend les sports nautiques qu\u2019elle aiamit pratiquer auparavant et se pr\u00e9pare \u00e0 pagayer. (\u00a9 Tristan Mah\u00e9 \/ actu Nantes)\" width=\"640\" height=\"427\"\/><\/a><\/p>\n<p class=\" wall-content\">\u00ab\u2009<strong>L\u2019objectif, c\u2019est de rassembler autour de passions communes, et de rompre l\u2019isolement<\/strong>\u2009\u00bb, indique Coralie Delahaye, enseignante d\u2019activit\u00e9 physique adapt\u00e9e (APA). Son r\u00f4le est d\u2019organiser ce genre d\u2019activit\u00e9s et d\u2019accompagner les patients pour faire attention \u00e0 leur \u00e9tat physique.<\/p>\n<p class=\" wall-content\">\u00ab\u2009L\u2019aviron est un sport tr\u00e8s complet qui travaille tout le corps \u00bb, ajoute l\u2019enseignante.\u00a0<\/p>\n<p class=\" wall-content\">Rachel, l\u2019une des patientes pr\u00e9sentes depuis le d\u00e9but de l\u2019initiative, a beaucoup appr\u00e9ci\u00e9 chaque s\u00e9ance. \u00ab\u2009\u00c7a m\u2019a permis de voir l\u2019h\u00f4pital en mieux, pour autre chose que pour les soins\u2026 <strong>C\u2019est une th\u00e9rapie<\/strong>.\u2009\u00bb, d\u00e9crit-elle.<\/p>\n<p class=\" wall-content\">Suivez toute l\u2019actualit\u00e9 de vos villes et m\u00e9dias favoris en vous inscrivant \u00e0 <a href=\"https:\/\/moncompte.actu.fr\" title=\"D\u00e9couvez Mon Actu\" rel=\"nofollow noopener\" data-trk=\"{&quot;cta&quot;:{&quot;action&quot;:&quot;https:\\\/\\\/moncompte.actu.fr&quot;,&quot;category&quot;:&quot;mon compte&quot;,&quot;from&quot;:&quot;article footer&quot;,&quot;name&quot;:&quot;Mon actu&quot;,&quot;type&quot;:&quot;cta&quot;}}\" target=\"_blank\">Mon Actu<\/a>.<\/p>\n","protected":false},"excerpt":{"rendered":"Par Tristan Mah\u00e9 Publi\u00e9 le 1 juil. 2025 \u00e0 7h46 Sur la surface calme de l\u2019Erdre ce jeudi&hellip;\n","protected":false},"author":2,"featured_media":217491,"comment_status":"","ping_status":"","sticky":false,"template":"","format":"standard","meta":{"footnotes":""},"categories":[2818],"tags":[1111,11,101,1777,674,1011,27,766,12,2636,25,71,517,60,15103],"class_list":{"0":"post-217490","1":"post","2":"type-post","3":"status-publish","4":"format-standard","5":"has-post-thumbnail","7":"category-nantes","8":"tag-actu","9":"tag-actualites","10":"tag-cancer","11":"tag-eu","12":"tag-europe","13":"tag-fr","14":"tag-france","15":"tag-nantes","16":"tag-news","17":"tag-pays-de-la-loire","18":"tag-republique-francaise","19":"tag-sante","20":"tag-sport","21":"tag-sports","22":"tag-sports-nautiques"},"share_on_mastodon":{"url":"https:\/\/pubeurope.com\/@fr\/114776534284218246","error":""},"_links":{"self":[{"href":"https:\/\/www.europesays.com\/fr\/wp-json\/wp\/v2\/posts\/217490","targetHints":{"allow":["GET"]}}],"collection":[{"href":"https:\/\/www.europesays.com\/fr\/wp-json\/wp\/v2\/posts"}],"about":[{"href":"https:\/\/www.europesays.com\/fr\/wp-json\/wp\/v2\/types\/post"}],"author":[{"embeddable":true,"href":"https:\/\/www.europesays.com\/fr\/wp-json\/wp\/v2\/users\/2"}],"replies":[{"embeddable":true,"href":"https:\/\/www.europesays.com\/fr\/wp-json\/wp\/v2\/comments?post=217490"}],"version-history":[{"count":0,"href":"https:\/\/www.europesays.com\/fr\/wp-json\/wp\/v2\/posts\/217490\/revisions"}],"wp:featuredmedia":[{"embeddable":true,"href":"https:\/\/www.europesays.com\/fr\/wp-json\/wp\/v2\/media\/217491"}],"wp:attachment":[{"href":"https:\/\/www.europesays.com\/fr\/wp-json\/wp\/v2\/media?parent=217490"}],"wp:term":[{"taxonomy":"category","embeddable":true,"href":"https:\/\/www.europesays.com\/fr\/wp-json\/wp\/v2\/categories?post=217490"},{"taxonomy":"post_tag","embeddable":true,"href":"https:\/\/www.europesays.com\/fr\/wp-json\/wp\/v2\/tags?post=217490"}],"curies":[{"name":"wp","href":"https:\/\/api.w.org\/{rel}","templated":true}]}}