{"id":217500,"date":"2025-07-01T06:25:09","date_gmt":"2025-07-01T06:25:09","guid":{"rendered":"https:\/\/www.europesays.com\/fr\/217500\/"},"modified":"2025-07-01T06:25:09","modified_gmt":"2025-07-01T06:25:09","slug":"deux-voitures-se-heurtent-une-voie-neutralisee","status":"publish","type":"post","link":"https:\/\/www.europesays.com\/fr\/217500\/","title":{"rendered":"deux voitures se heurtent, une voie neutralis\u00e9e"},"content":{"rendered":"<p>            Par<br \/>\n        <strong><br \/>\n            <a href=\"https:\/\/actu.fr\/auteur\/mareva-laville-actu-fr\" title=\"Consulter tous les articles de Mar\u00e9va Laville\" target=\"_blank\" rel=\"noopener\">Mar\u00e9va Laville<\/a><br \/>\n        <\/strong><\/p>\n<p>        Publi\u00e9 le<\/p>\n<p>            1 juil. 2025 \u00e0 7h58        <\/p>\n<p>Le trafic s\u2019intensifie ce mardi 1er\u00a0juillet 2025 matin sur le <a href=\"https:\/\/actu.fr\/tag\/peripherique-de-toulouse\" target=\"_blank\" rel=\"noopener\"><strong>p\u00e9riph\u00e9rique de Toulouse<\/strong><\/a>. Vers 7h30, un <strong>accident<\/strong> impliquant deux v\u00e9hicules apr\u00e8s les Izards, sur l\u2019A62, en direction de Bordeaux, perturbe la circulation dans le sens ext\u00e9rieur du p\u00e9riph\u00e9rique.<\/p>\n<p>Une voie neutralis\u00e9e<\/p>\n<p class=\" wall-content\"><strong>La voie de droite<\/strong> concern\u00e9e par l\u2019accident a \u00e9t\u00e9 enti\u00e8rement <strong>neutralis\u00e9e<\/strong>, indique Bison Fut\u00e9.<\/p>\n<p class=\" wall-content\">\u00ab\u2009Entre L\u2019Union et la barri\u00e8re de p\u00e9age de Toulouse Nord\u2009\u00bb, pr\u00e9cise Radio Vinci Autoroutes, il faut compter quelques minutes de trajet suppl\u00e9mentaires. Pour l\u2019instant, Radio Vinci Autoroutes estime ce temps \u00e0 5\u00a0minutes.<\/p>\n<p class=\" wall-content\">Suivez toute l\u2019actualit\u00e9 de vos villes et m\u00e9dias favoris en vous inscrivant \u00e0 <a href=\"https:\/\/moncompte.actu.fr\" title=\"D\u00e9couvez Mon Actu\" rel=\"nofollow noopener\" data-trk=\"{&quot;cta&quot;:{&quot;action&quot;:&quot;https:\\\/\\\/moncompte.actu.fr&quot;,&quot;category&quot;:&quot;mon compte&quot;,&quot;from&quot;:&quot;article footer&quot;,&quot;name&quot;:&quot;Mon actu&quot;,&quot;type&quot;:&quot;cta&quot;}}\" target=\"_blank\">Mon Actu<\/a>.<\/p>\n<ul class=\"ac-article-tag wall-content\">\n<li><a href=\"https:\/\/actu.fr\/tag\/accident\" data-trk=\"{&quot;cta&quot;:{&quot;action&quot;:&quot;Accident&quot;,&quot;category&quot;:&quot;tag&quot;,&quot;from&quot;:&quot;article footer&quot;,&quot;name&quot;:&quot;Accident&quot;,&quot;type&quot;:&quot;cta&quot;}}\" target=\"_blank\" rel=\"noopener\">#Accident<\/a><\/li>\n<li><a href=\"https:\/\/actu.fr\/tag\/peripherique-de-toulouse\" data-trk=\"{&quot;cta&quot;:{&quot;action&quot;:&quot;P\\u00e9riph\\u00e9rique de Toulouse&quot;,&quot;category&quot;:&quot;tag&quot;,&quot;from&quot;:&quot;article footer&quot;,&quot;name&quot;:&quot;P\\u00e9riph\\u00e9rique de Toulouse&quot;,&quot;type&quot;:&quot;cta&quot;}}\" target=\"_blank\" rel=\"noopener\">#P\u00e9riph\u00e9rique de Toulouse<\/a><\/li>\n<\/ul>\n","protected":false},"excerpt":{"rendered":"Par Mar\u00e9va Laville Publi\u00e9 le 1 juil. 2025 \u00e0 7h58 Le trafic s\u2019intensifie ce mardi 1er\u00a0juillet 2025 matin&hellip;\n","protected":false},"author":2,"featured_media":207697,"comment_status":"","ping_status":"","sticky":false,"template":"","format":"standard","meta":{"footnotes":""},"categories":[2816],"tags":[119,1111,11,1777,674,118,1011,27,12,2680,4800,25,2312],"class_list":{"0":"post-217500","1":"post","2":"type-post","3":"status-publish","4":"format-standard","5":"has-post-thumbnail","7":"category-toulouse","8":"tag-accident","9":"tag-actu","10":"tag-actualites","11":"tag-eu","12":"tag-europe","13":"tag-faits-divers","14":"tag-fr","15":"tag-france","16":"tag-news","17":"tag-occitanie","18":"tag-peripherique-de-toulouse","19":"tag-republique-francaise","20":"tag-toulouse"},"share_on_mastodon":{"url":"https:\/\/pubeurope.com\/@fr\/114776553775458037","error":""},"_links":{"self":[{"href":"https:\/\/www.europesays.com\/fr\/wp-json\/wp\/v2\/posts\/217500","targetHints":{"allow":["GET"]}}],"collection":[{"href":"https:\/\/www.europesays.com\/fr\/wp-json\/wp\/v2\/posts"}],"about":[{"href":"https:\/\/www.europesays.com\/fr\/wp-json\/wp\/v2\/types\/post"}],"author":[{"embeddable":true,"href":"https:\/\/www.europesays.com\/fr\/wp-json\/wp\/v2\/users\/2"}],"replies":[{"embeddable":true,"href":"https:\/\/www.europesays.com\/fr\/wp-json\/wp\/v2\/comments?post=217500"}],"version-history":[{"count":0,"href":"https:\/\/www.europesays.com\/fr\/wp-json\/wp\/v2\/posts\/217500\/revisions"}],"wp:featuredmedia":[{"embeddable":true,"href":"https:\/\/www.europesays.com\/fr\/wp-json\/wp\/v2\/media\/207697"}],"wp:attachment":[{"href":"https:\/\/www.europesays.com\/fr\/wp-json\/wp\/v2\/media?parent=217500"}],"wp:term":[{"taxonomy":"category","embeddable":true,"href":"https:\/\/www.europesays.com\/fr\/wp-json\/wp\/v2\/categories?post=217500"},{"taxonomy":"post_tag","embeddable":true,"href":"https:\/\/www.europesays.com\/fr\/wp-json\/wp\/v2\/tags?post=217500"}],"curies":[{"name":"wp","href":"https:\/\/api.w.org\/{rel}","templated":true}]}}