{"id":217505,"date":"2025-07-01T06:29:10","date_gmt":"2025-07-01T06:29:10","guid":{"rendered":"https:\/\/www.europesays.com\/fr\/217505\/"},"modified":"2025-07-01T06:29:10","modified_gmt":"2025-07-01T06:29:10","slug":"un-changement-historique-marseille","status":"publish","type":"post","link":"https:\/\/www.europesays.com\/fr\/217505\/","title":{"rendered":"\u00abUn changement historique\u00bb : Marseille"},"content":{"rendered":"<p>&#13;<br \/>\n\tA la descente du train en provenance de Marseille, arriv\u00e9 avec 25 minutes de retard suite au blocage de la plate-forme pour permettre aux personnes \u00e0 mobilit\u00e9 r\u00e9duite de monter \u00e0 bord, un petit comit\u00e9 d\u2019accueil de cheminots syndiqu\u00e9s attendait la d\u00e9l\u00e9gation pour faire part de ses inqui\u00e9tudes face \u00e0 cette ouverture \u00e0 la concurrence. Un premier retard qui n\u2019inqui\u00e8te pas les \u00e9lus dans cette p\u00e9riode de r\u00e9glages. \u00abNous sommes depuis 25 ans en Allemagne dans les trains r\u00e9gionaux, et nous sommes aujourd\u2019hui le premier op\u00e9rateur priv\u00e9, veut rassurer Thierry Mallet, le PDG de Transdev. Nos \u00e9quipes sont pr\u00eates et fi\u00e8res d\u2019\u00eatre au rendez-vous de ce changement historique.\u00bb<\/p>\n<p>&#13;<br \/>\n\tLe cadencement avec un doublement de l\u2019offre<\/p>\n<p>&#13;<br \/>\n\tDepuis le d\u00e9but de la commercialisation par Transdev, le 12 mars dernier, plus de 100 000 billets ont \u00e9t\u00e9 vendus, soit une hausse de 40%. Cette ligne relie en 2h40 Marseille-Saint-Charles \u00e0 Nice en passant par Toulon, Carnoules, Les Arcs Draguignan, Saint-Rapha\u00ebl, Cannes et Antibes. Le premier train a circul\u00e9 dimanche 29 juin, mais ce n\u2019est que le lendemain qu\u2019a donc eu lieu le voyage inaugural avec un d\u00e9part de la gare Marseille-Saint-Charles pr\u00e9vu \u00e0 14h53. <\/p>\n<p>&#13;<br \/>\n\tLes engagements de Transdev sur ce contrat d\u2019environ 870 millions d\u2019euros sur 10 ans \u2013 en int\u00e9grant 300 millions d\u2019euros pour l\u2019achat des rames et le centre de maintenance &#8211; ne seront pas faciles \u00e0 tenir. L&rsquo;objectif est de 97,5% de taux de r\u00e9gularit\u00e9, sans quoi les p\u00e9nalit\u00e9s impos\u00e9es par la r\u00e9gion seront cons\u00e9quentes. A cela s&rsquo;ajoute un taux d\u2019annulation de 2% maximum, a rappel\u00e9 Renaud Muselier. Surtout, l\u2019op\u00e9rateur a adopt\u00e9 le cadencement avec un train toutes les heures, ce qui permet un doublement du trafic avec 14 allers et retour par jour \u2013 16 le week-end -, le tout avec des rames neuves.<\/p>\n<p>&#13;<br \/>\n\tToutes les rames neuves livr\u00e9es d\u2019ici novembre<\/p>\n<p>&#13;<br \/>\n\tEnfin, neuves, pas tout \u00e0 fait. <a title=\"Informations et news du Groupe - Usinenouvelle.com\" href=\"https:\/\/www.usinenouvelle.com\/alstom\/\" rel=\"noopener\" target=\"\" class=\"lien-contextuel\">Alstom<\/a> n\u2019a livr\u00e9 que neuf des seize rames Omneo Premium \u00e0 deux niveaux  avec une capacit\u00e9 de 400 places, command\u00e9es par l\u2019entreprise franco-allemande. Si le constructeur fran\u00e7ais a promis de livrer les derni\u00e8res rames d\u2019ici \u00e0  l\u2019automne, il a fallu louer les rames manquantes \u00e0 <a title=\"L&#039;actualit\u00e9 de la soci\u00e9t\u00e9 de transport ferroviaire fran\u00e7aise SNCF\" href=\"https:\/\/www.usinenouvelle.com\/sncf\/\" rel=\"noopener\" target=\"\" class=\"lien-contextuel\">SNCF<\/a> Voyageurs dans d\u2019autres r\u00e9gions pour assurer le service d\u00e8s le 29 juin. Avec un centre de maintenance \u00e0 Nice, une \u00e9quipe est totalement d\u00e9di\u00e9e \u00e0 cette ligne. Elle compte 214 salari\u00e9s polyvalents. Seuls 31 salari\u00e9s de la SNCF ont suivi Transdev qui a donc recrut\u00e9 massivement.<\/p>\n<p>&#13;<br \/>\n\tLa r\u00e9gion Provence-Alpes-C\u00f4te d\u2019Azur (PACA) est donc la premi\u00e8re \u00e0 mettre des lignes r\u00e9gionales en concurrence avec un appel \u00e0 manifestation d\u2019int\u00e9r\u00eat lanc\u00e9 en f\u00e9vrier 2018. <a href=\"https:\/\/www.usinenouvelle.com\/article\/la-region-paca-propose-de-choisir-transdev-plutot-que-la-sncf-pour-la-ligne-ter-marseille-nice.N1138518\" target=\"_blank\" rel=\"noopener\">Plus de trois ans plus tard, Transdev \u00e9tait d\u00e9sign\u00e9 pour cette ligne r\u00e9gionale<\/a>, tandis que la SNCF conservait le r\u00e9seau Azur autour de Nice. Entre temps, <a href=\"https:\/\/www.usinenouvelle.com\/article\/bogota-le-labo-mobilite-du-futur-de-transdev.N2188823\" target=\"_blank\" rel=\"noopener\">le groupe dirig\u00e9 par Thierry Mallet<\/a> est devenu priv\u00e9. L\u2019op\u00e9rateur est majoritairement allemand apr\u00e8s la publication au journal officiel, le 21 juin dernier, d\u2019un arr\u00eat\u00e9 autorisant le rachat par Rethmann de 32% du capital d\u00e9tenu par la Caisse des d\u00e9p\u00f4ts. A ce jour, le groupe allemand d\u00e9tient 66% du capital contre 34% pour la Caisse des d\u00e9p\u00f4ts.<\/p>\n<p>&#13;<br \/>\n\tDepuis l\u2019ouverture \u00e0 la concurrence, la SNCF a remport\u00e9 sept des dix lots attribu\u00e9s. En 2027, la ligne Nancy-Contrex\u00e9ville sera exploit\u00e9e \u00e9galement par Transdev, alors que la <a title=\"Toute info sur la R\u00e9gie autonome des transports parisiens (RATP)\" href=\"https:\/\/www.usinenouvelle.com\/ratp\/\" rel=\"noopener\" target=\"\" class=\"lien-contextuel\">RATP<\/a> a gagn\u00e9 le tram T12-T13 en \u00cele-de-France.<\/p>\n","protected":false},"excerpt":{"rendered":"&#13; A la descente du train en provenance de Marseille, arriv\u00e9 avec 25 minutes de retard suite au&hellip;\n","protected":false},"author":2,"featured_media":217506,"comment_status":"","ping_status":"","sticky":false,"template":"","format":"standard","meta":{"footnotes":""},"categories":[2814],"tags":[1111,11,2213,1777,674,8390,1011,27,884,12,882,6234,25,16278,2725],"class_list":{"0":"post-217505","1":"post","2":"type-post","3":"status-publish","4":"format-standard","5":"has-post-thumbnail","7":"category-marseille","8":"tag-actu","9":"tag-actualites","10":"tag-alstom","11":"tag-eu","12":"tag-europe","13":"tag-ferroviaire","14":"tag-fr","15":"tag-france","16":"tag-marseille","17":"tag-news","18":"tag-provence-alpes-cote-dazur","19":"tag-provence-alpes-cote-d","20":"tag-republique-francaise","21":"tag-transdev","22":"tag-transports-et-logistiq"},"share_on_mastodon":{"url":"https:\/\/pubeurope.com\/@fr\/114776569565618662","error":""},"_links":{"self":[{"href":"https:\/\/www.europesays.com\/fr\/wp-json\/wp\/v2\/posts\/217505","targetHints":{"allow":["GET"]}}],"collection":[{"href":"https:\/\/www.europesays.com\/fr\/wp-json\/wp\/v2\/posts"}],"about":[{"href":"https:\/\/www.europesays.com\/fr\/wp-json\/wp\/v2\/types\/post"}],"author":[{"embeddable":true,"href":"https:\/\/www.europesays.com\/fr\/wp-json\/wp\/v2\/users\/2"}],"replies":[{"embeddable":true,"href":"https:\/\/www.europesays.com\/fr\/wp-json\/wp\/v2\/comments?post=217505"}],"version-history":[{"count":0,"href":"https:\/\/www.europesays.com\/fr\/wp-json\/wp\/v2\/posts\/217505\/revisions"}],"wp:featuredmedia":[{"embeddable":true,"href":"https:\/\/www.europesays.com\/fr\/wp-json\/wp\/v2\/media\/217506"}],"wp:attachment":[{"href":"https:\/\/www.europesays.com\/fr\/wp-json\/wp\/v2\/media?parent=217505"}],"wp:term":[{"taxonomy":"category","embeddable":true,"href":"https:\/\/www.europesays.com\/fr\/wp-json\/wp\/v2\/categories?post=217505"},{"taxonomy":"post_tag","embeddable":true,"href":"https:\/\/www.europesays.com\/fr\/wp-json\/wp\/v2\/tags?post=217505"}],"curies":[{"name":"wp","href":"https:\/\/api.w.org\/{rel}","templated":true}]}}