{"id":217556,"date":"2025-07-01T07:01:17","date_gmt":"2025-07-01T07:01:17","guid":{"rendered":"https:\/\/www.europesays.com\/fr\/217556\/"},"modified":"2025-07-01T07:01:17","modified_gmt":"2025-07-01T07:01:17","slug":"saint-agreve-quand-rene-garde-sublime-la-nature-qui-nous-entoure","status":"publish","type":"post","link":"https:\/\/www.europesays.com\/fr\/217556\/","title":{"rendered":"Saint-Agr\u00e8ve : quand Ren\u00e9 Garde sublime la nature qui nous entoure"},"content":{"rendered":"<p>\t\t\t\t\t\t\t\t\t\t\t\t\t\t\t\t\t\t\t\t\t\t\t\t\t\t\t\t\t\t\t\t\t\t\t\t\t\t\t\t\t\t\t\t\t\t\t\t\t\t\t\t\t\t\t\t\t\t\t\t\t\t\t<a href=\"https:\/\/www.lacommere43.fr\/component\/banners\/click\/1791.html\" target=\"_blank\" title=\"Rosi\u00e8res Gaming Day\" rel=\"nofollow noopener\"><br \/>\n\t\t\t\t\t\t\t<img decoding=\"async\" src=\"https:\/\/www.europesays.com\/fr\/wp-content\/uploads\/2025\/06\/Encart_lacommere.png\" alt=\"Rosi\u00e8res Gaming Day\"\/><br \/>\n\t\t\t\t\t\t<\/a><\/p>\n<p>\t\t\t\t\t\t\t\t\t\t\t\t\t\t\t\t\t\t\t\t\t\t\t\t\t\t\t\t\t\t\t\t\t\t\t\t\t\t\t\t\t\t\t\t\t\t<img decoding=\"async\" src=\"https:\/\/www.europesays.com\/fr\/wp-content\/uploads\/2025\/07\/carre_copy_copy.gif\" alt=\"Fraisse David carr\u00e9 2024\"\/><\/p>\n<p><strong>Le centre socioculturel de Saint-Agr\u00e8ve \u00ab\u00a0l&rsquo;Odyss\u00e9e\u00a0\u00bb accueille une exposition de photographies de Ren\u00e9 Garde intitul\u00e9e \u00ab\u00a0Lorsque la photographie sublime la beaut\u00e9 de la nature qui nous entoure\u00a0\u00bb. Elle est \u00e0 d\u00e9couvrir du lundi 1er au vendredi 25 juillet, sur les heures d&rsquo;ouverture de la structure, entr\u00e9e libre et gratuite.<\/strong><\/p>\n<p>\u00ab\u00a0Photographe amateur, je suis autodidacte et depuis de longues ann\u00e9es, je me passionne pour la photo. Mes premiers appareils furent le Canon FTB 24&#215;36 et Yaschica Mat 126 6&#215;6, le Canon 600 reflex argentique avec des films Ilford noir et blanc, couleurs et des diapositives. Mon premier labo fut la salle de bain avec toutes les contraintes suppos\u00e9es et, pus tard, une pi\u00e8ce \u00e9quip\u00e9e avec tout le n\u00e9cessaire pour le d\u00e9veloppement n\u00e9gatif et le tirage photo o\u00f9 j&rsquo;ai pass\u00e9 des heures pour retrouver la lumi\u00e8re d\u00e9rob\u00e9e lors de la prise de vue, des paysages, des personnages&#8230; o\u00f9 le monde entier va appara\u00eetre au fond du bac\u00a0: miracle de l&rsquo;image latente, puis r\u00e9v\u00e9l\u00e9e.<\/p>\n<p>R\u00e9solution de la photo avec l&rsquo;apparition de mon premier appareil num\u00e9rique, le Canon EOS 300D et par la suite le Canon50D, Canon 5D4 o\u00f9 l&rsquo;image appara\u00eet au dos de ceux-ci est enregistr\u00e9e sur une carte m\u00e9moire, et peut-\u00eatre partag\u00e9e en temps r\u00e9el ou imprim\u00e9e avec un logiciel. Fini le temps pass\u00e9 dans la p\u00e9nombre du labo.<\/p>\n<p>Mon approche de la photo est de rendre quelque chose aux allures simples \u00e0 l\u2019\u0153il nu \u00e0 une chose esth\u00e9tique. A mes yeux chaque sujet a de la valeur et des particularit\u00e9s diff\u00e9rentes et int\u00e9ressantes.<\/p>\n<p>La photographie poss\u00e8de cette capacit\u00e9 \u00e0 immortaliser des moments pr\u00e9cis, voire des choses \u00e9tonnantes ou rares ou la plus simple banalit\u00e9, un rayon de soleil, une fen\u00eatre, la pluie, la neige, des visages, elle peut transformer quelque chose d&rsquo;anodin en quelque chose de beau et elle nous impose des souvenirs d&rsquo;\u00e9v\u00e9nements fugitifs ou d\u00e9risoires plus d\u00e9sirables ou importants et nous restituer par des fragments de ce pass\u00e9 des souvenirs, des lieux ou d&rsquo;une personne car chaque exemplaire d&rsquo;une photographie demeure unique.<\/p>\n<p>Je me questionne devant une photo. Quelle est notre attitude, notre silence, notre respect, notre soin \u00e0 la garder\u00a0?\u00a0\u00bb<\/p>\n","protected":false},"excerpt":{"rendered":"Le centre socioculturel de Saint-Agr\u00e8ve \u00ab\u00a0l&rsquo;Odyss\u00e9e\u00a0\u00bb accueille une exposition de photographies de Ren\u00e9 Garde intitul\u00e9e \u00ab\u00a0Lorsque la photographie&hellip;\n","protected":false},"author":2,"featured_media":217557,"comment_status":"","ping_status":"","sticky":false,"template":"","format":"standard","meta":{"footnotes":""},"categories":[1358],"tags":[2281,1348,1384,1385,1386,58,59,2282,1011,27,2280,2284,2285,2283],"class_list":{"0":"post-217556","1":"post","2":"type-post","3":"status-publish","4":"format-standard","5":"has-post-thumbnail","7":"category-arts-et-design","8":"tag-actualite-43","9":"tag-arts","10":"tag-arts-and-design","11":"tag-arts-et-design","12":"tag-design","13":"tag-divertissement","14":"tag-entertainment","15":"tag-faits-divers-auvergne","16":"tag-fr","17":"tag-france","18":"tag-information-haute-loire","19":"tag-infos-43","20":"tag-journal-haute-loire","21":"tag-la-commere-43"},"share_on_mastodon":{"url":"https:\/\/pubeurope.com\/@fr\/114776695386724189","error":""},"_links":{"self":[{"href":"https:\/\/www.europesays.com\/fr\/wp-json\/wp\/v2\/posts\/217556","targetHints":{"allow":["GET"]}}],"collection":[{"href":"https:\/\/www.europesays.com\/fr\/wp-json\/wp\/v2\/posts"}],"about":[{"href":"https:\/\/www.europesays.com\/fr\/wp-json\/wp\/v2\/types\/post"}],"author":[{"embeddable":true,"href":"https:\/\/www.europesays.com\/fr\/wp-json\/wp\/v2\/users\/2"}],"replies":[{"embeddable":true,"href":"https:\/\/www.europesays.com\/fr\/wp-json\/wp\/v2\/comments?post=217556"}],"version-history":[{"count":0,"href":"https:\/\/www.europesays.com\/fr\/wp-json\/wp\/v2\/posts\/217556\/revisions"}],"wp:featuredmedia":[{"embeddable":true,"href":"https:\/\/www.europesays.com\/fr\/wp-json\/wp\/v2\/media\/217557"}],"wp:attachment":[{"href":"https:\/\/www.europesays.com\/fr\/wp-json\/wp\/v2\/media?parent=217556"}],"wp:term":[{"taxonomy":"category","embeddable":true,"href":"https:\/\/www.europesays.com\/fr\/wp-json\/wp\/v2\/categories?post=217556"},{"taxonomy":"post_tag","embeddable":true,"href":"https:\/\/www.europesays.com\/fr\/wp-json\/wp\/v2\/tags?post=217556"}],"curies":[{"name":"wp","href":"https:\/\/api.w.org\/{rel}","templated":true}]}}