{"id":217576,"date":"2025-07-01T07:12:11","date_gmt":"2025-07-01T07:12:11","guid":{"rendered":"https:\/\/www.europesays.com\/fr\/217576\/"},"modified":"2025-07-01T07:12:11","modified_gmt":"2025-07-01T07:12:11","slug":"de-violents-orages-et-une-crue-exceptionnelle-en-maurienne-et-a-modane","status":"publish","type":"post","link":"https:\/\/www.europesays.com\/fr\/217576\/","title":{"rendered":"De violents orages et une crue exceptionnelle en Maurienne et \u00e0 Modane"},"content":{"rendered":"<p>La canicule peut aussi produire des ph\u00e9nom\u00e8nes dramatiques en montagne. De violents orages cons\u00e9cutifs \u00e0 la<a href=\"https:\/\/www.20minutes.fr\/planete\/canicule\/4161258-20250701-direct-canicule-pic-chaleur-attendu-mardi-16-departements-vigilance-rouge\" class=\"color-ultramarine c-link\" target=\"_blank\" rel=\"noopener\"> forte vague de chaleur<\/a> ont provoqu\u00e9 lundi la crue, in\u00e9dite en soixante-dix ans, d\u2019un torrent de la vall\u00e9e alpine de la Maurienne.<\/p>\n<p>Celle-ci a provoqu\u00e9 d\u2019importants d\u00e9g\u00e2ts \u00e0 <a href=\"https:\/\/www.20minutes.fr\/societe\/2555363-20190703-orages-ligne-tgv-france-italie-via-modane-coupee-plusieurs-semaines\" class=\"color-ultramarine c-link\" target=\"_blank\" rel=\"noopener\">Modane<\/a> et ses environs, sur la fronti\u00e8re avec <a href=\"https:\/\/www.20minutes.fr\/dossier\/italie\" class=\"color-ultramarine c-link\" target=\"_blank\" rel=\"noopener\">l\u2019Italie<\/a>, a annonc\u00e9 la pr\u00e9fecture de la Savoie. Aucune victime n\u2019est \u00e0 d\u00e9plorer, pr\u00e9cise son communiqu\u00e9.<\/p>\n<p>Violents orages de montagne<\/p>\n<p>En fin d\u2019apr\u00e8s-midi, apr\u00e8s \u00ab\u00a0d\u2019importants orages \u00e0 la suite des fortes chaleurs de ces derniers jours\u00a0\u00bb, \u00ab\u00a0le<a href=\"https:\/\/www.google.fr\/maps\/place\/Ruisseau+du+Charmaix\/@45.1655778,6.5959329,9461m\/data=!3m2!1e3!4b1!4m6!3m5!1s0x47898dc100e16465:0xc2539b99e32624b9!8m2!3d45.164104!4d6.646237!16s%2Fg%2F11bw7plv_c?hl=fr&amp;entry=ttu&amp;g_ep=EgoyMDI1MDYyNi4wIKXMDSoASAFQAw%3D%3D\" rel=\"nofollow noopener\" target=\"_blank\" class=\"color-ultramarine c-link\"> torrent du Charmaix<\/a>\u00a0\u00bb, un cours d\u2019eau prenant sa source en haute montagne pour se jeter dans l\u2019Arc, \u00ab\u00a0est entr\u00e9 en crue [\u2026] provoquant des inondations localis\u00e9es\u00a0\u00bb, a expliqu\u00e9 la pr\u00e9fecture en soir\u00e9e.<\/p>\n<\/p>\n<p>\u00ab\u00a0Il s\u2019agit de la crue la plus importante depuis 70 ans\u00a0\u00bb, selon le communiqu\u00e9. Le Charmaix gonfle fr\u00e9quemment au gr\u00e9 des orages de montagne.<\/p>\n<p>Trafic ferroviaire interrompu<\/p>\n<p>L\u2019eau et la boue ont envahi des rues de Modane et du village limitrophe de Fourneaux, jusqu\u2019\u00e0 50 centim\u00e8tres de hauteur dans certaines zones. Elles ont interrompu notamment le trafic ferroviaire entre la France et l\u2019Italie \u00ab\u00a0dans les deux sens jusqu\u2019\u00e0 nouvel ordre\u00a0\u00bb, selon ce texte.<\/p>\n<p>Des routes d\u00e9partementales ont aussi \u00e9t\u00e9 coup\u00e9es \u00e0 Modane et ses environs, une ville importante dans le transit routier entre les deux pays.<\/p>\n<p><a href=\"https:\/\/www.20minutes.fr\/dossier\/meteo\" class=\"c-link c-btn c-btn--primary\" target=\"_blank\" rel=\"noopener\">Notre rubrique M\u00e9t\u00e9o<\/a><\/p>\n<p>\u00ab\u00a0Quinze personnes ont \u00e9t\u00e9 mises en s\u00e9curit\u00e9 dans la salle des f\u00eates\u00a0\u00bb de Fourneaux et Modane par les pompiers, ajoute la pr\u00e9fecture qui parle d\u2019une cinquantaine de caves inond\u00e9es. L\u2019\u00e9cole de Fourneaux a \u00e9t\u00e9 partiellement inond\u00e9e.<\/p>\n<p>A une vingtaine de kilom\u00e8tres plus au sud, dans les Hautes-Alpes pr\u00e8s de la fronti\u00e8re italienne, les pompiers ont signal\u00e9 de gros orages ayant fait d\u00e9border des cours d\u2019eau, en particulier la Durance. Dans la commune de La Vachette, la rivi\u00e8re en crue a coup\u00e9 la <a href=\"https:\/\/www.google.fr\/maps\/place\/N94\/@44.7720874,6.5577132,1001m\/data=!3m1!1e3!4m6!3m5!1s0x12cca9e6ebf0cbdd:0x39a15d1c83539af5!8m2!3d44.7722524!4d6.5604491!16s%2Fg%2F1ym_l10qc?hl=fr&amp;entry=ttu&amp;g_ep=EgoyMDI1MDYyNi4wIKXMDSoASAFQAw%3D%3D\" rel=\"nofollow noopener\" target=\"_blank\" class=\"color-ultramarine c-link\">route nationale 94<\/a>, inond\u00e9 sept maisons et une partie du camping de ce petit bourg, sans d\u00e9clencher d\u2019\u00e9vacuation.<\/p>\n","protected":false},"excerpt":{"rendered":"La canicule peut aussi produire des ph\u00e9nom\u00e8nes dramatiques en montagne. De violents orages cons\u00e9cutifs \u00e0 la forte vague&hellip;\n","protected":false},"author":2,"featured_media":217577,"comment_status":"","ping_status":"","sticky":false,"template":"","format":"standard","meta":{"footnotes":""},"categories":[4],"tags":[47,11,2430,11295,4858,1011,27,4638,881,4458,3059,452,2487,2357,8527,12,4594,883,8916,2119,882,25,2431,5508,104],"class_list":{"0":"post-217576","1":"post","2":"type-post","3":"status-publish","4":"format-standard","5":"has-post-thumbnail","7":"category-france","8":"tag-actualite","9":"tag-actualites","10":"tag-auvergne-rhone-alpes","11":"tag-crue","12":"tag-eau","13":"tag-fr","14":"tag-france","15":"tag-haute-savoie","16":"tag-hautes-alpes","17":"tag-inondation","18":"tag-intemperies","19":"tag-italie","20":"tag-meteo","21":"tag-meteo-france","22":"tag-meteorologie","23":"tag-news","24":"tag-orages","25":"tag-paca","26":"tag-prefecture","27":"tag-previsions-meteo","28":"tag-provence-alpes-cote-dazur","29":"tag-republique-francaise","30":"tag-rhone-alpes","31":"tag-savoie","32":"tag-societe"},"share_on_mastodon":{"url":"https:\/\/pubeurope.com\/@fr\/114776738666208470","error":""},"_links":{"self":[{"href":"https:\/\/www.europesays.com\/fr\/wp-json\/wp\/v2\/posts\/217576","targetHints":{"allow":["GET"]}}],"collection":[{"href":"https:\/\/www.europesays.com\/fr\/wp-json\/wp\/v2\/posts"}],"about":[{"href":"https:\/\/www.europesays.com\/fr\/wp-json\/wp\/v2\/types\/post"}],"author":[{"embeddable":true,"href":"https:\/\/www.europesays.com\/fr\/wp-json\/wp\/v2\/users\/2"}],"replies":[{"embeddable":true,"href":"https:\/\/www.europesays.com\/fr\/wp-json\/wp\/v2\/comments?post=217576"}],"version-history":[{"count":0,"href":"https:\/\/www.europesays.com\/fr\/wp-json\/wp\/v2\/posts\/217576\/revisions"}],"wp:featuredmedia":[{"embeddable":true,"href":"https:\/\/www.europesays.com\/fr\/wp-json\/wp\/v2\/media\/217577"}],"wp:attachment":[{"href":"https:\/\/www.europesays.com\/fr\/wp-json\/wp\/v2\/media?parent=217576"}],"wp:term":[{"taxonomy":"category","embeddable":true,"href":"https:\/\/www.europesays.com\/fr\/wp-json\/wp\/v2\/categories?post=217576"},{"taxonomy":"post_tag","embeddable":true,"href":"https:\/\/www.europesays.com\/fr\/wp-json\/wp\/v2\/tags?post=217576"}],"curies":[{"name":"wp","href":"https:\/\/api.w.org\/{rel}","templated":true}]}}