{"id":217582,"date":"2025-07-01T07:15:09","date_gmt":"2025-07-01T07:15:09","guid":{"rendered":"https:\/\/www.europesays.com\/fr\/217582\/"},"modified":"2025-07-01T07:15:09","modified_gmt":"2025-07-01T07:15:09","slug":"avant-les-municipales-le-fils-de-la-victime-veut-nettoyer-la-mairie-au-karcher","status":"publish","type":"post","link":"https:\/\/www.europesays.com\/fr\/217582\/","title":{"rendered":"avant les municipales, le fils de la victime veut \u00abnettoyer la mairie au K\u00e4rcher\u00bb"},"content":{"rendered":"<p>Soutien du nouveau mouvement \u00abSaint-\u00c9tienne Ensemble\u00bb qui regroupe des partis du centre et de la droite, Augustin Artigues, fils de Gilles Artigues, victime dans l\u2019affaire du chantage \u00e0 la sextape, a d\u00e9clar\u00e9 vouloir \u00abnettoyer la mairie au K\u00e4rcher\u00bb. Des propos critiqu\u00e9s par son parti Les R\u00e9publicains, qui a promis \u00abune campagne propre\u00bb.<\/p>\n<p class=\"fig-paragraph\">\u00abIl est urgent de nettoyer la mairie au K\u00e4rcher\u00bb. Dans une vid\u00e9o\u00a0<a href=\"https:\/\/www.youtube.com\/watch?v=diwnRKeIhxM\" target=\"_blank\" rel=\"nofollow noopener\" data-gtm-custom-categorie=\"navigation\" data-gtm-custom-action=\"crossclick\" data-gtm-custom-label=\"Contextuel\" data-gtm-event=\"customEventSPE\">accord\u00e9e au m\u00e9dia Radio Gaga<\/a>, Augustin Artigues, fils de Gilles Artigues &#8211; l\u2019ancien premier adjoint de la ville de Saint-\u00c9tienne et victime dans\u00a0<a href=\"http:\/\/www.lefigaro.fr\/actualite-france\/chantage-a-la-sextape-le-maire-de-saint-etienne-gael-perdriau-de-nouveau-en-garde-a-vue-20230404\" data-fig-type=\"NewsFlash\" data-gtm-custom-categorie=\"navigation\" data-gtm-custom-action=\"crossclick\" data-gtm-custom-label=\"Contextuel\" data-gtm-event=\"customEventSPE\" data-fig-domain=\"LEFIGARO\" target=\"_blank\" rel=\"noopener\">l\u2019affaire du chantage \u00e0 la sextape<\/a>\u00a0qui secoue la ville depuis plus de trois ans, a vertement critiqu\u00e9 la majorit\u00e9 actuelle Ga\u00ebl Perdriau.<\/p>\n<p class=\"fig-paragraph\">Des mots qui ne sont pas pass\u00e9s inaper\u00e7us du c\u00f4t\u00e9 des R\u00e9publicains, parti dont il est membre au sein du mouvement des jeunes LR. Il a \u00e9t\u00e9 recadr\u00e9 par\u00a0<a href=\"http:\/\/www.lefigaro.fr\/lyon\/vente-de-casino-a-saint-etienne-le-fantome-d-une-fin-a-la-manufrance-20230610\" data-fig-type=\"Article\" data-gtm-custom-categorie=\"navigation\" data-gtm-custom-action=\"crossclick\" data-gtm-custom-label=\"Contextuel\" data-gtm-event=\"customEventSPE\" data-fig-domain=\"LEFIGARO\" target=\"_blank\" rel=\"noopener\">l\u2019ancien d\u00e9put\u00e9 de la Loire Dino Cinieri<\/a>\u00a0qui a d\u00e9plor\u00e9 aupr\u00e8s du journal\u00a0<a href=\"https:\/\/c.leprogres.fr\/elections\/2025\/06\/29\/municipales-augustin-artigues-seme-la-panique-au-sein-des-republicains\" target=\"_blank\" rel=\"nofollow noopener\" data-gtm-custom-categorie=\"navigation\" data-gtm-custom-action=\"crossclick\" data-gtm-custom-label=\"Contextuel\" data-gtm-event=\"customEventSPE\">Le Progr\u00e8s<\/a> \u00a0\u00abune pol\u00e9mique gratuite et inutile\u00bb alors que son parti avait promis \u00abune campagne propre\u00bb. Dans un communiqu\u00e9 diffus\u00e9 aupr\u00e8s de nos confr\u00e8res, Jean-Pierre Taite, pr\u00e9sident de la f\u00e9d\u00e9ration LR de la Loire s\u2019est, lui, dit \u00abtotalement oppos\u00e9 aux attaques personnelles, aux propos injurieux et aux pol\u00e9miques incitant \u00e0 la haine\u00bb et a \u00e9voqu\u00e9 de possibles sanctions \u00e0 l\u2019encontre du jeune militant.<\/p>\n<p>Vers une large coalition anti-Perdriau \u00e0 Saint-\u00c9tienne<\/p>\n<p class=\"fig-paragraph\">Sanctions qui ne devraient pas d\u00e9passer le stade de la remontrance publique. Contact\u00e9 par Le Figaro, Dino Cinieri regrette \u00abd\u2019avoir r\u00e9agi un peu vivement\u00bb. \u00abAugustin est un gar\u00e7on qui est jeune et qui a souffert dans le cadre de l\u2019affaire. Il faut mettre sa r\u00e9action sur le compte de la jeunesse. On va essayer de se rencontrer. \u00c7a sera aussi l\u2019occasion de voir nos \u00e9quipes de jeunes pour rappeler que l\u2019on a d\u00e9j\u00e0 eu assez de pol\u00e9miques ici et que l\u2019on ne veut pas en rajouter\u00bb, temp\u00e8re l\u2019ancien maire de Firminy.<\/p>\n<p class=\"fig-paragraph\">Ga\u00ebl Perdriau, l\u2019actuel maire de Saint-\u00c9tienne doit \u00eatre jug\u00e9 pour \u00abchantage\u00bb et \u00abd\u00e9tournement de fonds publics\u00bb\u00a0<a href=\"http:\/\/www.lefigaro.fr\/faits-divers\/scandale-a-la-sextape-a-saint-etienne-le-maire-gael-perdriau-renvoye-devant-un-tribunal-pour-chantage-20250606\" data-fig-type=\"NewsFlash\" data-gtm-custom-categorie=\"navigation\" data-gtm-custom-action=\"crossclick\" data-gtm-custom-label=\"Contextuel\" data-gtm-event=\"customEventSPE\" data-fig-domain=\"LEFIGARO\" target=\"_blank\" rel=\"noopener\">fin septembre prochain \u00e0 Lyon dans l\u2019affaire de la sextape<\/a>. Un proc\u00e8s qui d\u00e9butera en m\u00eame temps que la campagne pour les municipales dont on ne sait pas encore s\u2019il sera candidat. Face \u00e0 lui,\u00a0<a href=\"http:\/\/www.lefigaro.fr\/lyon\/saint-etienne-des-responsables-de-droite-et-du-centre-s-unissent-pour-battre-perdriau-aux-municipales-20250526\" data-fig-type=\"NewsFlash\" data-gtm-custom-categorie=\"navigation\" data-gtm-custom-action=\"crossclick\" data-gtm-custom-label=\"Contextuel\" data-gtm-event=\"customEventSPE\" data-fig-domain=\"LEFIGARO\" target=\"_blank\" rel=\"noopener\">une large coalition allant du PRG \u00e0 LR<\/a>\u00a0s\u2019est d\u00e9j\u00e0 organis\u00e9e pour cr\u00e9er \u00abun arc r\u00e9publicain avec Saint-\u00c9tienne Ensemble\u00bb pour mettre fin \u00e0 l\u2019\u00e8re Perdriau.<\/p>\n<p class=\"fig-paragraph\">Un collectif auquel participe Dino Cinieri, qui souhaite \u00abune campagne propre\u00bb\u00a0: \u00abOn est l\u00e0 pour les St\u00e9phanois. Pour r\u00e9animer Saint-\u00c9tienne avec des gens de tous horizons. On veut additionner nos comp\u00e9tences pour relancer la dynamique de la ville et pour que l\u2019on parle \u00e0 nouveau en bien de Saint-\u00c9tienne\u00bb. La t\u00eate de liste de ce mouvement sera d\u00e9sign\u00e9e en septembre prochain via un sondage command\u00e9 \u00e0 un institut ind\u00e9pendant.<\/p>\n","protected":false},"excerpt":{"rendered":"Soutien du nouveau mouvement \u00abSaint-\u00c9tienne Ensemble\u00bb qui regroupe des partis du centre et de la droite, Augustin Artigues,&hellip;\n","protected":false},"author":2,"featured_media":217583,"comment_status":"","ping_status":"","sticky":false,"template":"","format":"standard","meta":{"footnotes":""},"categories":[9653],"tags":[1111,11,5273,2430,5299,5272,5312,5296,5285,1777,674,5293,1011,27,5303,5311,5301,5279,5275,5313,5276,5300,5302,5280,5298,5281,5306,5305,5308,5309,5284,5294,5297,5269,5271,5268,6319,5270,5267,2428,5295,5307,5277,5304,5283,12,978,5274,15943,25,2431,5314,4001,5288,5292,5289,5291,5290,5315,5282,5286,5310,5287,5278],"class_list":{"0":"post-217582","1":"post","2":"type-post","3":"status-publish","4":"format-standard","5":"has-post-thumbnail","7":"category-saint-etienne","8":"tag-actu","9":"tag-actualites","10":"tag-ainay","11":"tag-auvergne-rhone-alpes","12":"tag-bellecombe","13":"tag-bellecour","14":"tag-champvert-nord","15":"tag-champvert-sud","16":"tag-clos-jouve","17":"tag-eu","18":"tag-europe","19":"tag-fourviere","20":"tag-fr","21":"tag-france","22":"tag-gerland","23":"tag-gorge-de-loup","24":"tag-jean-mace","25":"tag-la-buire","26":"tag-la-confluence","27":"tag-la-duchere","28":"tag-la-guillotiere-nord-prefecture","29":"tag-la-guillotiere-sud","30":"tag-la-mouche","31":"tag-la-part-dieu","32":"tag-la-tete-dor","33":"tag-la-villette","34":"tag-laennec","35":"tag-le-bachut","36":"tag-le-grand-trou","37":"tag-le-moulin-a-vent","38":"tag-le-plateau-de-la-croix-rousse","39":"tag-le-point-du-jour","40":"tag-les-brotteaux","41":"tag-les-chartreux","42":"tag-les-cordeliers","43":"tag-les-pentes-de-la-croix-rousse","44":"tag-les-republicains","45":"tag-les-terreaux","46":"tag-les-traboules","47":"tag-lyon","48":"tag-menival","49":"tag-mermoz","50":"tag-moncey","51":"tag-monplaisir","52":"tag-montchat","53":"tag-news","54":"tag-olympique-lyonnais","55":"tag-perrache","56":"tag-polemiques","57":"tag-republique-francaise","58":"tag-rhone-alpes","59":"tag-rochecardon-industrie","60":"tag-saint-etienne","61":"tag-saint-georges","62":"tag-saint-irenee","63":"tag-saint-jean","64":"tag-saint-just","65":"tag-saint-paul","66":"tag-saint-rambert-lile-barbe","67":"tag-sans-souci-dauphine","68":"tag-serin-saint-charles","69":"tag-vaise","70":"tag-vieux-lyon","71":"tag-voltaire"},"share_on_mastodon":{"url":"","error":"Validation failed: Text character limit of 500 exceeded"},"_links":{"self":[{"href":"https:\/\/www.europesays.com\/fr\/wp-json\/wp\/v2\/posts\/217582","targetHints":{"allow":["GET"]}}],"collection":[{"href":"https:\/\/www.europesays.com\/fr\/wp-json\/wp\/v2\/posts"}],"about":[{"href":"https:\/\/www.europesays.com\/fr\/wp-json\/wp\/v2\/types\/post"}],"author":[{"embeddable":true,"href":"https:\/\/www.europesays.com\/fr\/wp-json\/wp\/v2\/users\/2"}],"replies":[{"embeddable":true,"href":"https:\/\/www.europesays.com\/fr\/wp-json\/wp\/v2\/comments?post=217582"}],"version-history":[{"count":0,"href":"https:\/\/www.europesays.com\/fr\/wp-json\/wp\/v2\/posts\/217582\/revisions"}],"wp:featuredmedia":[{"embeddable":true,"href":"https:\/\/www.europesays.com\/fr\/wp-json\/wp\/v2\/media\/217583"}],"wp:attachment":[{"href":"https:\/\/www.europesays.com\/fr\/wp-json\/wp\/v2\/media?parent=217582"}],"wp:term":[{"taxonomy":"category","embeddable":true,"href":"https:\/\/www.europesays.com\/fr\/wp-json\/wp\/v2\/categories?post=217582"},{"taxonomy":"post_tag","embeddable":true,"href":"https:\/\/www.europesays.com\/fr\/wp-json\/wp\/v2\/tags?post=217582"}],"curies":[{"name":"wp","href":"https:\/\/api.w.org\/{rel}","templated":true}]}}