{"id":217587,"date":"2025-07-01T07:18:11","date_gmt":"2025-07-01T07:18:11","guid":{"rendered":"https:\/\/www.europesays.com\/fr\/217587\/"},"modified":"2025-07-01T07:18:11","modified_gmt":"2025-07-01T07:18:11","slug":"a-toulon-des-collegiens-inventent-un-savon-de-poche-ecoresponsable","status":"publish","type":"post","link":"https:\/\/www.europesays.com\/fr\/217587\/","title":{"rendered":"A Toulon, des coll\u00e9giens inventent un savon de poche \u00e9coresponsable"},"content":{"rendered":"<p>Au coll\u00e8ge, on apprend les maths, le fran\u00e7ais\u2026 et parfois aussi \u00e0 monter une entreprise! C\u2019est le d\u00e9fi relev\u00e9 par dix \u00e9l\u00e8ves de 5e, 4e et 3e du coll\u00e8ge Pierre-Puget, encadr\u00e9s par un enseignant, Nicolas Solbes, dans le cadre d\u2019un projet baptis\u00e9 \u00ab\u00a0mini-entreprise\u00a0\u00bb, soutenu par l\u2019association Entreprendre pour apprendre.<\/p>\n<p>Cette ann\u00e9e, les coll\u00e9giens ont lanc\u00e9 PocketSoap, un savon de poche pratique et \u00e9coresponsable.<\/p>\n<p>\u00ab\u00a0Ils partent d\u2019un probl\u00e8me qu\u2019ils constatent, d\u2019un besoin, explique Nicolas Solbes. Ils essaient de conceptualiser, d\u2019imaginer, de cr\u00e9er et apr\u00e8s de vendre un produit\u00a0\u00bb.<\/p>\n<p>Le produit? Un petit tube rempli de copeaux de savon r\u00e9cup\u00e9r\u00e9s dans une savonnerie locale. \u00ab\u00a0Il suffit d\u2019ouvrir le bouchon, de mettre un fond de copeau dans la main et c\u2019est la dose parfaite pour se laver les mains\u00a0\u00bb, d\u00e9taille Gh\u00e9mina, \u00e9l\u00e8ve de 4e et PDG de la mini-entreprise.<\/p>\n<p>Une aventure collective et solidaire<\/p>\n<p>Pour le contenant, les \u00e9l\u00e8ves ont choisi de recycler des tubes de colle usag\u00e9s. \u00ab\u00a0Personne ne les recycle et ils sont super pratiques, on les nettoie \u00e0 la main avec deux bains pour enlever tous les r\u00e9sidus\u00a0\u00bb, poursuit la jeune cheffe d\u2019entreprise. R\u00e9sultat: un savon portatif, \u00e9cologique, qui permet jusqu\u2019\u00e0 35 lavages par tube. \u00ab\u00a0On a aussi pr\u00e9vu des recharges.\u00a0\u00bb<\/p>\n<p>R\u00e9partis en p\u00f4les (commerce, production, finance et communication), les \u00e9l\u00e8ves ont appris \u00e0 travailler ensemble. \u00ab\u00a0S\u2019il n\u2019y avait plus rien \u00e0 faire dans notre p\u00f4le, on allait aider un autre secteur\u00a0\u00bb, raconte Julian, \u00e9l\u00e8ve de 3e qui participe pour la deuxi\u00e8me ann\u00e9e.<\/p>\n<p>Pour lui, \u00ab\u00a0le plus difficile, c\u2019est le d\u00e9but: unir les id\u00e9es, trouver un projet commun. Apr\u00e8s, quand c\u2019est lanc\u00e9, chacun conna\u00eet son r\u00f4le\u00a0\u00bb.<\/p>\n<p>Ce projet r\u00e9alis\u00e9 sur le temps libre des \u00e9l\u00e8ves chaque vendredi apr\u00e8s-midi, a renforc\u00e9 leur autonomie. \u00ab\u00a0Ils d\u00e9cident de venir, de rester, certains travaillent m\u00eame de chez eux, c\u2019est tr\u00e8s formateur\u00a0\u00bb, note M. Solbes.<\/p>\n<p>Cette mini-entreprise aura m\u00eame \u00e9veill\u00e9 quelques vocations, Julian, lui, se projette d\u00e9j\u00e0: \u00ab\u00a0Plus tard, j\u2019aimerais fonder ma propre entreprise, et ce projet m\u2019a apport\u00e9 plus d\u2019exp\u00e9rience.\u00a0\u00bb<\/p>\n<p>Les b\u00e9n\u00e9fices g\u00e9n\u00e9r\u00e9s par la vente de PocketSoap seront revers\u00e9s au Secours Populaire. Une d\u00e9marche solidaire que les \u00e9l\u00e8ves ont choisie ensemble: \u00ab\u00a0\u00c7a nous tenait \u00e0 c\u0153ur de reverser \u00e0 une association importante pour nous.\u00a0\u00bb<\/p>\n","protected":false},"excerpt":{"rendered":"Au coll\u00e8ge, on apprend les maths, le fran\u00e7ais\u2026 et parfois aussi \u00e0 monter une entreprise! C\u2019est le d\u00e9fi&hellip;\n","protected":false},"author":2,"featured_media":217588,"comment_status":"","ping_status":"","sticky":false,"template":"","format":"standard","meta":{"footnotes":""},"categories":[9619],"tags":[1111,11,1777,674,1011,27,12,882,25,2310,3366],"class_list":{"0":"post-217587","1":"post","2":"type-post","3":"status-publish","4":"format-standard","5":"has-post-thumbnail","7":"category-toulon","8":"tag-actu","9":"tag-actualites","10":"tag-eu","11":"tag-europe","12":"tag-fr","13":"tag-france","14":"tag-news","15":"tag-provence-alpes-cote-dazur","16":"tag-republique-francaise","17":"tag-toulon","18":"tag-vie-locale"},"share_on_mastodon":{"url":"https:\/\/pubeurope.com\/@fr\/114776762153266190","error":""},"_links":{"self":[{"href":"https:\/\/www.europesays.com\/fr\/wp-json\/wp\/v2\/posts\/217587","targetHints":{"allow":["GET"]}}],"collection":[{"href":"https:\/\/www.europesays.com\/fr\/wp-json\/wp\/v2\/posts"}],"about":[{"href":"https:\/\/www.europesays.com\/fr\/wp-json\/wp\/v2\/types\/post"}],"author":[{"embeddable":true,"href":"https:\/\/www.europesays.com\/fr\/wp-json\/wp\/v2\/users\/2"}],"replies":[{"embeddable":true,"href":"https:\/\/www.europesays.com\/fr\/wp-json\/wp\/v2\/comments?post=217587"}],"version-history":[{"count":0,"href":"https:\/\/www.europesays.com\/fr\/wp-json\/wp\/v2\/posts\/217587\/revisions"}],"wp:featuredmedia":[{"embeddable":true,"href":"https:\/\/www.europesays.com\/fr\/wp-json\/wp\/v2\/media\/217588"}],"wp:attachment":[{"href":"https:\/\/www.europesays.com\/fr\/wp-json\/wp\/v2\/media?parent=217587"}],"wp:term":[{"taxonomy":"category","embeddable":true,"href":"https:\/\/www.europesays.com\/fr\/wp-json\/wp\/v2\/categories?post=217587"},{"taxonomy":"post_tag","embeddable":true,"href":"https:\/\/www.europesays.com\/fr\/wp-json\/wp\/v2\/tags?post=217587"}],"curies":[{"name":"wp","href":"https:\/\/api.w.org\/{rel}","templated":true}]}}