{"id":217597,"date":"2025-07-01T07:25:23","date_gmt":"2025-07-01T07:25:23","guid":{"rendered":"https:\/\/www.europesays.com\/fr\/217597\/"},"modified":"2025-07-01T07:25:23","modified_gmt":"2025-07-01T07:25:23","slug":"les-enfants-grenoblois-se-baignent-dans-des-bassins-pollues","status":"publish","type":"post","link":"https:\/\/www.europesays.com\/fr\/217597\/","title":{"rendered":"LES ENFANTS GRENOBLOIS SE BAIGNENT DANS DES BASSINS POLLU\u00c9S"},"content":{"rendered":"<p>Posted On 1 juillet 2025 <\/p>\n<p style=\"text-align: justify;\">La municipalit\u00e9 a confirm\u00e9 dans un communiqu\u00e9 que le bassin de Villeneuve est pollu\u00e9. De nombreux enfants et chiens s&rsquo;y baignent r\u00e9guli\u00e8rement. On peut l\u00e9gitimement penser qu&rsquo;il en est de m\u00eame dans le bassin du parc des Champs Elys\u00e9es \u00e0 Bachelard o\u00f9 des algues vertes ont \u00e9galement apparues. Guizmaths a aussi montr\u00e9 que le bassin de la fontaine Victor Hugo \u00e9tait aussi atteint.<\/p>\n<p style=\"text-align: justify;\"><a href=\"https:\/\/grenoble-le-changement.fr\/2024\/05\/09\/pollution-de-la-nappe-piolle-continue-de-nier-quil-etait-informe\/\" target=\"_blank\" rel=\"noopener\">La pollution chronique de l&rsquo;eau des bassins est \u00e9tablie depuis 2020<\/a>.\u00a0 En effet, \u00e0 la date du 31 juillet 2021\u00a0 la ville a re\u00e7u un rapport de l&rsquo;Agence R\u00e9gionale de Sant\u00e9 (ARS) qui faisait<a href=\"https:\/\/grenoble-le-changement.fr\/2024\/05\/01\/pourquoi-la-municipalite-de-grenoble-a-t-elle-cache-la-pollution-de-la-nappe\/\" target=\"_blank\" rel=\"noopener\"> \u00e9tat de la pollution de la nappe<\/a> phr\u00e9atique de la ville, apr\u00e8s le forage effectu\u00e9 sous la piscine Jean Bron, rappelant le m\u00eame effectu\u00e9 parc Jean Verlhac en 2020 aboutissant aux m\u00eames conclusions. <a href=\"https:\/\/grenoble-le-changement.fr\/2024\/05\/15\/pollution-de-la-nappe-phreatique-piolle-refuse-toujours-de-sexpliquer\/\" target=\"_blank\" rel=\"noopener\">Ni Anne-Sophie Olmos, Vice Pr\u00e9sidente (Verts\/LFI) charg\u00e9e de l&rsquo;eau, ni Eric Piolle ne l&rsquo;avaient rendu public.\u00a0<\/a><\/p>\n<p style=\"text-align: justify;\">Depuis 5 ans donc, sans qu&rsquo;aucune \u00e9tude n&rsquo;ait \u00e9t\u00e9 effectu\u00e9e sur les cons\u00e9quences sur la sant\u00e9 des enfants, ceux-ci continuent \u00e0 se baigner dans des bassins pollu\u00e9s. Depuis <a href=\"https:\/\/grenoble-le-changement.fr\/2025\/01\/08\/demission-dune-vice-presidente-de-la-metro-la-crise-grenobloise-saggrave\/\" target=\"_blank\" rel=\"noopener\">lors la Vice-Pr\u00e9sidente a d\u00e9missionn\u00e9<\/a> probablement pour tenter d&rsquo;\u00e9chapper \u00e0 toute sanction.\u00a0<\/p>\n<p><a href=\"https:\/\/i0.wp.com\/grenoble-le-changement.fr\/wp-content\/uploads\/2025\/06\/Capture-de\u0301cran-2025-06-29-a\u0300-11.25.44.png?ssl=1\" rel=\"lightbox[82961] noopener\" target=\"_blank\"><img decoding=\"async\" data-id=\"82963\" src=\"https:\/\/i0.wp.com\/grenoble-le-changement.fr\/wp-content\/uploads\/2025\/06\/Capture-de\u0301cran-2025-06-29-a\u0300-11.25.44.png?resize=678%2C425&amp;ssl=1\" alt=\"\" class=\"wp-image-82963 jetpack-lazy-image\" data-recalc-dims=\"1\" data-lazy-src=\"https:\/\/i0.wp.com\/grenoble-le-changement.fr\/wp-content\/uploads\/2025\/06\/Capture-de\u0301cran-2025-06-29-a\u0300-11.25.44.png?resize=678%2C425&amp;is-pending-load=1#038;ssl=1\" \/><\/a><br \/>\nLe bassin de Villeneuve la semaine derni\u00e8re, des dizaines de dizaines d&rsquo;enfants dans une eau pollu\u00e9e, dangereuse pour leur sant\u00e9 <\/p>\n<p><strong>DES BACT\u00c9RIES DANGEREUSES POUR LES HOMMES ET LES ANIMAUX<\/strong><\/p>\n<p style=\"text-align: justify;\">Mais avec la vague de chaleur la municipalit\u00e9 avoue que \u201cdes \u00e9l\u00e9ments laissent pr\u00e9sumer une contamination du bassin du parc Jean-Verlhac \u00e0 la Villeneuve par des cyanobact\u00e9ries\u201d. Ces bact\u00e9ries sont dangereuses pour les hommes et les animaux. Cela va des irritations de la peau ou des yeux en passant par des troubles digestifs (diarrh\u00e9e, vomissements) jusqu&rsquo;\u00e0 l&rsquo;affectation du foie ou du syst\u00e8me nerveux dans les cas les plus graves.<\/p>\n<p style=\"text-align: justify;\"><strong>DES INTOXICATIONS QUI PEUVENT \u00caTRE FATALES POUR LES CHIENS<\/strong><\/p>\n<p style=\"text-align: justify;\">Les cyanobact\u00e9ries produisent des h\u00e9patotoxines, des neurotoxines et des dermatotoxines.\u00a0<\/p>\n<p style=\"text-align: justify;\">Les chiens sont particuli\u00e8rement \u00e0 risques car ils peuvent l\u00e9cher leur pelage apr\u00e8s la baignade, les intoxications peuvent \u00eatre graves voire fatales pour eux.<\/p>\n<p style=\"text-align: justify;\"><strong>SE M\u00c9FIER DE L&rsquo;EAU SUSPECTE DE COULEUR VERTE<\/strong><\/p>\n<p style=\"text-align: justify;\">Toutes les recommandations des autorit\u00e9s de la sant\u00e9 avertissent de se m\u00e9fier d&rsquo;une eau \u00ab\u00a0suspecte\u00a0\u00bb c&rsquo;est \u00e0 dire de couleur verte, avec un aspect de \u00ab\u00a0peinture\u00a0\u00bb, de mousse &#8230; C&rsquo;est le cas du bassin de Villeneuve mais aussi de celui du Parc des Champs Elys\u00e9es \u00e0 Bachelard sur lequel la municipalit\u00e9 ne dit pas un mot alors qu&rsquo;il est \u00e9galement tr\u00e8s fr\u00e9quent\u00e9 par les enfants baigneurs.<\/p>\n<p><a href=\"https:\/\/i1.wp.com\/grenoble-le-changement.fr\/wp-content\/uploads\/2025\/06\/IMG_9370.jpeg?ssl=1\" rel=\"lightbox[82961] noopener\" target=\"_blank\"><img decoding=\"async\" data-id=\"82988\" src=\"https:\/\/i1.wp.com\/grenoble-le-changement.fr\/wp-content\/uploads\/2025\/06\/IMG_9370.jpeg?resize=678%2C494&amp;ssl=1\" alt=\"\" class=\"wp-image-82988 jetpack-lazy-image\" data-recalc-dims=\"1\" data-lazy-src=\"https:\/\/www.europesays.com\/fr\/wp-content\/uploads\/2025\/07\/IMG_9370.jpeg\" \/><\/a><\/p>\n<p><a href=\"https:\/\/i0.wp.com\/grenoble-le-changement.fr\/wp-content\/uploads\/2025\/06\/Capture-de\u0301cran-2025-06-29-a\u0300-11.53.16.png?ssl=1\" rel=\"lightbox[82961] noopener\" target=\"_blank\"><img decoding=\"async\" data-id=\"82965\" src=\"https:\/\/i0.wp.com\/grenoble-le-changement.fr\/wp-content\/uploads\/2025\/06\/Capture-de\u0301cran-2025-06-29-a\u0300-11.53.16.png?resize=678%2C868&amp;ssl=1\" alt=\"\" class=\"wp-image-82965 jetpack-lazy-image\" data-recalc-dims=\"1\" data-lazy-src=\"https:\/\/i0.wp.com\/grenoble-le-changement.fr\/wp-content\/uploads\/2025\/06\/Capture-de\u0301cran-2025-06-29-a\u0300-11.53.16.png?resize=678%2C868&amp;is-pending-load=1#038;ssl=1\" \/><\/a><br \/>\nParc des Champs Elys\u00e9es \u00e0 Bachelard la semaine derni\u00e8re : une situation identique &#8230;<\/p>\n<p><strong>LA MUNICIPALIT\u00c9 CHOISIT L&rsquo;IMMOBILISME<\/strong><\/p>\n<p style=\"text-align: justify;\">Comme \u00e0 son habitude la municipalit\u00e9 choisit la fuite politique et l&rsquo;immobilisme municipal. Elle \u00ab\u00a0a saisi la Pr\u00e9fecture de l\u2019Is\u00e8re ainsi que l\u2019Agence r\u00e9gionale de sant\u00e9, estimant que le principe de pr\u00e9caution doit s\u2019appliquer en pareille situation.\u201d (!) Le sujet \u00e9tant pleinement municipal tant sur ses causes que ses cons\u00e9quences. Ce ne sont pas \u00ab\u00a0la pr\u00e9fecture\u00a0\u00bb ou l&rsquo;ARS qui vont d\u00e9polluer ou envoyer la police municipale. C&rsquo;est bien \u00e0 elle d&rsquo;assumer ses responsabilit\u00e9s. Devant la mont\u00e9e du m\u00e9contentement et les risques qu&rsquo;elle court elle a d\u00e9cid\u00e9 dimanche de \u00ab\u00a0vidanger\u00a0\u00bb le bassin. Ce qui ne r\u00e9sout rien concernant la pollution.<\/p>\n<p style=\"text-align: justify;\"><strong>ELLE A FERM\u00c9 DEUX PISCINES SUR LES QUATRE DE LA VILLE &#8230;<\/strong><\/p>\n<p style=\"text-align: justify;\">Elle est d&rsquo;autant plus responsable qu&rsquo;elle a ferm\u00e9 deux piscines municipales pendant ses mandats : les enfants qui se rafraichissent dans le bassin de Villeneuve <a href=\"https:\/\/grenoble-le-changement.fr\/2023\/07\/23\/villeneuve-900-000-euros-pour-une-halle-transitoire-a-la-place-de-la-piscine\/\" target=\"_blank\" rel=\"noopener\">ne peuvent plus le faire \u00e0 la piscine des Iris<\/a> tout \u00e0 c\u00f4t\u00e9, ferm\u00e9e, la municipalit\u00e9 estimant ne pas avoir les moyens de l&rsquo;entretenir.\u00a0<\/p>\n<p style=\"text-align: justify;\"><strong>&#8230; DEPUIS QU&rsquo;ON A UN \u00ab\u00a0ADJOINT \u00c0 LA FRAICHEUR\u00a0\u00bb<\/strong><\/p>\n<p style=\"text-align: justify;\">Les enfants qui se rafraichissent \u00e0 Bachelard n&rsquo;ont plus acc\u00e8s <a href=\"https:\/\/grenoble-le-changement.fr\/2019\/12\/21\/piscine-vaucanson-piolle-acte-la-fermeture-definitive\/\" target=\"_blank\" rel=\"noopener\">\u00e0 la piscine Vaucanson voisine, ferm\u00e9e par la municipalit\u00e9<\/a> pour les m\u00eames raisons. Ne reste plus que<a href=\"https:\/\/grenoble-le-changement.fr\/2022\/01\/19\/panique-a-bord-jean-bron-va-devenir-une-piscine-nordique\/\" target=\"_blank\" rel=\"noopener\"> la piscine Jean Bron<\/a>, lieu d&rsquo;affrontements de bandes qui a du \u00eatre ferm\u00e9e r\u00e9cemment du fait de bagarres. Elle n&rsquo;est, de fait, vraiment utilisable en toute tranquillit\u00e9 que le matin, quand les voyous dorment. Les possibilit\u00e9s de fraicheur ont donc \u00e9t\u00e9 consid\u00e9rablement r\u00e9duite depuis que la ville compte, avec Gilles Namur, Un Adjoint (Verts\/LFI) \u00e0 la fraicheur dont on connait l&rsquo;efficacit\u00e9.<\/p>\n<p><img decoding=\"async\" data-id=\"66879\" src=\"https:\/\/i1.wp.com\/grenoble-le-changement.fr\/wp-content\/uploads\/2023\/08\/Piscine-Iris-villeneuve-a-scaled.jpg?w=678&amp;ssl=1\" alt=\"\" class=\"wp-image-66879 jetpack-lazy-image\" data-recalc-dims=\"1\" data-lazy-src=\"https:\/\/www.europesays.com\/fr\/wp-content\/uploads\/2025\/07\/Piscine-Iris-villeneuve-a-scaled.jpg\" \/><\/p>\n<p><img decoding=\"async\" data-id=\"49186\" src=\"https:\/\/i0.wp.com\/grenoble-le-changement.fr\/wp-content\/uploads\/2021\/08\/piscine-Vaucanson-.jpg?w=678&amp;ssl=1\" alt=\"\" class=\"wp-image-49186 jetpack-lazy-image\" data-recalc-dims=\"1\" data-lazy-src=\"https:\/\/www.europesays.com\/fr\/wp-content\/uploads\/2025\/07\/piscine-Vaucanson-.jpg\" \/><br \/>\nLa piscine des Iris \u00e0 Villeneuve et la piscine Vaucanson rue Louise Michel, deux piscines sur les quatre de la ville, ferm\u00e9es par la municipalit\u00e9 Piolle, contraignant les enfants \u00e0 se baigner dans des bassins pollu\u00e9s<\/p>\n<p><strong>LES ENFANTS SONT LES PREMI\u00c8RES VICTIMES<\/strong><\/p>\n<p style=\"text-align: justify;\">Dans cette p\u00e9riode de canicule dans une cuvette particuli\u00e8rement sensible au r\u00e9chauffement climatique, cette politique irresponsable produit des d\u00e9g\u00e2ts consid\u00e9rables. Les enfants en sont les premi\u00e8res victimes. Pendant que<a href=\"https:\/\/grenoble-le-changement.fr\/2025\/05\/28\/bide-de-la-biennale-la-municipalite-avoue-500-000-e-de-depenses\/\" target=\"_blank\" rel=\"noopener\"> \u00ab\u00a0la Biennale des villes en Transition\u00a0\u00bb (500 000 \u20ac !)<\/a> blablate avec le sociologue Pierre-Andr\u00e9 Juven, Adjoint (Verts\/LFI) sur <a href=\"https:\/\/grenoble-le-changement.fr\/2025\/03\/29\/lurbanisme-et-la-sante-la-municipalite-garantit-2040\/\" target=\"_blank\" rel=\"noopener\">les quartiers favorables \u00e0 la sant\u00e9 en 2040<\/a> (!), les petits grenoblois sont expos\u00e9s \u00e0 des bact\u00e9ries dangereuses pour eux. En 2025. Les animaux aussi.\u00a0<\/p>\n<p style=\"text-align: justify;\"><strong>C. PANTEL (Verts\/LFI) : \u00ab\u00a0LES POLLUTIONS DISPARAISSENT PAR SIMPLE \u00c9VAPORATION\u00a0\u00bb<\/strong><\/p>\n<p style=\"text-align: justify;\">Cela d\u00e9ment les propos <a href=\"https:\/\/grenoble-le-changement.fr\/2024\/06\/28\/pollution-de-leau-blocage-ville-metropole\/\" target=\"_blank\" rel=\"noopener\">de Chlo\u00e9 Pantel, Adjointe au Maire (Verts\/LFI)<\/a> selon laquelle \u00ab\u00a0les pollutions disparaissent par simple \u00e9vaporation\u00a0\u00bb. Pas toutes !<\/p>\n<p style=\"text-align: justify;\">Le dossier de la pollution de la nappe phr\u00e9atique est au point mort. La majorit\u00e9 municipale a emp\u00each\u00e9 <a href=\"https:\/\/grenoble-le-changement.fr\/2024\/06\/28\/pollution-de-leau-blocage-ville-metropole\/\" target=\"_blank\" rel=\"noopener\">que la comp\u00e9tence de l&rsquo;eau devienne m\u00e9tropolitaine,<\/a> ce qui ne permet pas de l&rsquo;aborder de la seule fa\u00e7on qui vaille : de <a href=\"https:\/\/grenoble-le-changement.fr\/2024\/04\/13\/pollution-de-la-nappe-phreatique-elus-ps-et-verts-se-renvoient-la-responsabilite\/\" target=\"_blank\" rel=\"noopener\">fa\u00e7on intercommunale<\/a> puisque la circulation des eaux souterraines se moque des fronti\u00e8res communales.<\/p>\n<p style=\"text-align: justify;\"><strong>LA MUNICIPALIT\u00c9 COMMUNIQUE SUR LA MISE EN EAU DE FONTAINES&#8230;<\/strong><\/p>\n<p style=\"text-align: justify;\">De fa\u00e7on tr\u00e8s superficielle,<a href=\"https:\/\/grenoble-le-changement.fr\/2023\/08\/29\/grenoble-a-perdu-la-bataille-de-leau\/\" target=\"_blank\" rel=\"noopener\"> la municipalit\u00e9 a pr\u00e9f\u00e9r\u00e9 communiquer sur la remise en eau<\/a> de quelques fontaines, comme s&rsquo;il s&rsquo;agissait d&rsquo;un exploit, oubliant toutes celles qui ne fonctionnent pas (place Notre Dame, Square L\u00e9on Martin, Hoche&#8230;).<\/p>\n<p style=\"text-align: justify;\"><strong>&#8230; ET D\u00c9PENSE 2 MILLIONS D&rsquo;EUROS D&rsquo;AM\u00c9NAGEMENTS AUTOUR DE LA TOUR PERRET<\/strong><\/p>\n<p style=\"text-align: justify;\">Elle d\u00e9pense, Parc Paul Mistral, 2 millions d&rsquo;euros d&rsquo;am\u00e9nagements autour de la Tour Perret notamment pour des jeux d&rsquo;enfants afin de s&rsquo;attirer les gr\u00e2ces des parents-\u00e9lecteurs du centre ville, pendant que les enfants des quartiers populaires pataugent dans une eau pollu\u00e9e pour affronter la chaleur insupportable.\u00a0<\/p>\n<p><a href=\"https:\/\/i1.wp.com\/grenoble-le-changement.fr\/wp-content\/uploads\/2025\/06\/Capture-de\u0301cran-2025-06-29-a\u0300-11.04.04.png?ssl=1\" rel=\"lightbox[82961] noopener\" target=\"_blank\"><img decoding=\"async\" data-id=\"82966\" src=\"https:\/\/i1.wp.com\/grenoble-le-changement.fr\/wp-content\/uploads\/2025\/06\/Capture-de\u0301cran-2025-06-29-a\u0300-11.04.04.png?resize=611%2C1024&amp;ssl=1\" alt=\"\" class=\"wp-image-82966 jetpack-lazy-image\" data-recalc-dims=\"1\" data-lazy-src=\"https:\/\/i1.wp.com\/grenoble-le-changement.fr\/wp-content\/uploads\/2025\/06\/Capture-de\u0301cran-2025-06-29-a\u0300-11.04.04.png?resize=611%2C1024&amp;is-pending-load=1#038;ssl=1\" \/><\/a><br \/>\n<a target=\"_blank\" href=\"https:\/\/www.tiktok.com\/@guizmaths\" rel=\"noopener\">Sur Tik Tok, Guizmaths a publi\u00e9 une vid\u00e9o<\/a> montrant que la toute \u00ab\u00a0nouvelle\u00a0\u00bb fontaine de la place Victor Hugo est atteinte par les m\u00eames bact\u00e9ries <\/p>\n<p><strong>GRENOBLE A PERDU LA PROPRI\u00c9T\u00c9 DES CAPTAGES DE L&rsquo;EAU<\/strong><\/p>\n<p style=\"text-align: justify;\">Ce dossier de l&rsquo;eau empoisonne aussi la municipalit\u00e9 . On le sait, les grenoblois <a href=\"https:\/\/grenoble-le-changement.fr\/2022\/01\/15\/eau-de-grenoble-e-piolle-abandonne-le-service-la-ressource-et-les-usagers\/\" target=\"_blank\" rel=\"noopener\">ont perdu la propri\u00e9t\u00e9 des captages de l&rsquo;eau de Grenoble<\/a> sous Piolle. Elle a \u00e9t\u00e9 transf\u00e9r\u00e9e \u00e0 la m\u00e9tro en toute opacit\u00e9 sans consultation des Grenoblois. Comme on ne connait pas le devenir des m\u00e9tropoles, on ne peut plus garantir l&rsquo;avenir de la ressource en eau de la ville.\u00a0<\/p>\n<p style=\"text-align: justify;\"><strong>LA MAJORIT\u00c9 MUNICIPALE A ROMPU AVEC 100 ANS DE PROTECTION DE LA RESSOURCE<\/strong><\/p>\n<p style=\"text-align: justify;\">C&rsquo;est la premi\u00e8re fois depuis 100 ans que cette propri\u00e9t\u00e9 \u00e9chappe \u00e0 la ville, puisque lors du contrat d&rsquo;eau contest\u00e9 de la municipalit\u00e9 Carignon, seule la gestion de l&rsquo;eau avait \u00e9t\u00e9 d\u00e9l\u00e9gu\u00e9e, la propri\u00e9t\u00e9 demeurant naturellement \u00e0 la collectivit\u00e9.<\/p>\n<p style=\"text-align: justify;\">Sans organisation m\u00e9tropolitaine, sans maitrise du probl\u00e8me, sans aucune anticipation des ph\u00e9nom\u00e8nes dont elle parle \u00e0 longueur d&rsquo;ann\u00e9e &#8211; ceux du r\u00e9chauffement &#8211; cette municipalit\u00e9 d\u00e9montre \u00e0 nouveau son incomp\u00e9tence crasse.<\/p>\n<p style=\"text-align: justify;\"><strong>LES QUARTIERS FAVORABLES \u00c0 LA SANT\u00c9 EN 2040, C&rsquo;EST AUJOURD&rsquo;HUI<\/strong><\/p>\n<p style=\"text-align: justify;\"><a href=\"https:\/\/grenoble-le-changement.fr\/2024\/05\/15\/pollution-de-la-nappe-phreatique-piolle-refuse-toujours-de-sexpliquer\/\" target=\"_blank\" rel=\"noopener\">Elle va devoir s&rsquo;expliquer<\/a> et rendre des comptes. En urgence elle devrait lancer une \u00e9tude \u00e9pid\u00e9miologique sur les enfants fr\u00e9quentant tous ces bassins pollu\u00e9s afin de pr\u00e9venir les maladies et de mener une campagne de pr\u00e9vention. Les quartiers favorables \u00e0 la sant\u00e9\u00a0 en 2040, c&rsquo;est aujourd&rsquo;hui.\u00a0<\/p>\n<p>\t\t\t\t\t\t\t\t\t\t\t<script async src=\"\/\/www.tiktok.com\/embed.js\"><\/script><\/p>\n","protected":false},"excerpt":{"rendered":"Posted On 1 juillet 2025 La municipalit\u00e9 a confirm\u00e9 dans un communiqu\u00e9 que le bassin de Villeneuve est&hellip;\n","protected":false},"author":2,"featured_media":217598,"comment_status":"","ping_status":"","sticky":false,"template":"","format":"standard","meta":{"footnotes":""},"categories":[9566],"tags":[1111,11,9601,35711,35712,2430,9603,9607,1777,674,1011,27,10230,2731,22649,12,10138,25],"class_list":{"0":"post-217597","1":"post","2":"type-post","3":"status-publish","4":"format-standard","5":"has-post-thumbnail","7":"category-grenoble","8":"tag-actu","9":"tag-actualites","10":"tag-alain-carignon","11":"tag-anne-sophie-olmos","12":"tag-ars","13":"tag-auvergne-rhone-alpes","14":"tag-chloe-pantel","15":"tag-eric-piolle","16":"tag-eu","17":"tag-europe","18":"tag-fr","19":"tag-france","20":"tag-gilles-namur","21":"tag-grenoble","22":"tag-guizmath","23":"tag-news","24":"tag-pierre-andre-juven","25":"tag-republique-francaise"},"share_on_mastodon":{"url":"https:\/\/pubeurope.com\/@fr\/114776790024258203","error":""},"_links":{"self":[{"href":"https:\/\/www.europesays.com\/fr\/wp-json\/wp\/v2\/posts\/217597","targetHints":{"allow":["GET"]}}],"collection":[{"href":"https:\/\/www.europesays.com\/fr\/wp-json\/wp\/v2\/posts"}],"about":[{"href":"https:\/\/www.europesays.com\/fr\/wp-json\/wp\/v2\/types\/post"}],"author":[{"embeddable":true,"href":"https:\/\/www.europesays.com\/fr\/wp-json\/wp\/v2\/users\/2"}],"replies":[{"embeddable":true,"href":"https:\/\/www.europesays.com\/fr\/wp-json\/wp\/v2\/comments?post=217597"}],"version-history":[{"count":0,"href":"https:\/\/www.europesays.com\/fr\/wp-json\/wp\/v2\/posts\/217597\/revisions"}],"wp:featuredmedia":[{"embeddable":true,"href":"https:\/\/www.europesays.com\/fr\/wp-json\/wp\/v2\/media\/217598"}],"wp:attachment":[{"href":"https:\/\/www.europesays.com\/fr\/wp-json\/wp\/v2\/media?parent=217597"}],"wp:term":[{"taxonomy":"category","embeddable":true,"href":"https:\/\/www.europesays.com\/fr\/wp-json\/wp\/v2\/categories?post=217597"},{"taxonomy":"post_tag","embeddable":true,"href":"https:\/\/www.europesays.com\/fr\/wp-json\/wp\/v2\/tags?post=217597"}],"curies":[{"name":"wp","href":"https:\/\/api.w.org\/{rel}","templated":true}]}}