{"id":217603,"date":"2025-07-01T07:28:11","date_gmt":"2025-07-01T07:28:11","guid":{"rendered":"https:\/\/www.europesays.com\/fr\/217603\/"},"modified":"2025-07-01T07:28:11","modified_gmt":"2025-07-01T07:28:11","slug":"toute-lactu-top-music-les-agressions-et-incivilites-se-multiplient-dans-les-piscines-en-alsace","status":"publish","type":"post","link":"https:\/\/www.europesays.com\/fr\/217603\/","title":{"rendered":"Toute l&rsquo;actu Top Music &#8211; Les agressions et incivilit\u00e9s se multiplient dans les piscines en Alsace"},"content":{"rendered":"<p><img decoding=\"async\" class=\"\" style=\"width:100%\" src=\"https:\/\/www.europesays.com\/fr\/wp-content\/uploads\/2025\/07\/514313318_1120697823421364_1025539380606361250_n1751348315447.jpg\" alt=\"La piscine du Wacken rouvrira ses portes aujourd'hui \u00e0 Strasbourg\"\/><\/p>\n<p>La piscine du Wacken rouvrira ses portes aujourd&rsquo;hui \u00e0 Strasbourg<\/p>\n<p>Cr\u00e9dit : Strasbourg.eu \/ Facebook <\/p>\n<p>Jeanne Barseghian, la maire de Strasbourg, et Pia Imbs, la Pr\u00e9sidente de l&rsquo;Eurom\u00e9tropole, ont d\u00e9nonc\u00e9 <strong>\u00ab\u00a0des violences inacceptables\u00a0\u00bb<\/strong> apr\u00e8s les incidents survenus \u00e0 la pisicine du Wacken, \u00e0 Strasbourg, dimanche. <strong>Deux hommes d&rsquo;une vingtaine d&rsquo;ann\u00e9es s&rsquo;en sont pris \u00e0 un m\u00e9diateur et \u00e0 un ma\u00eetre nageur venus s&rsquo;interposer<\/strong>. Les deux agents souffrent d&rsquo;ecchymoses et de dermarbrasions. La police est intervenue pour interpeller les deux malfrats alors que les deux victimes ont port\u00e9 plainte.<strong> La piscine du Wacken a \u00e9t\u00e9 ferm\u00e9e dimanche et rouvrira ce mardi \u00e0 10h<\/strong>.\u00a0<\/p>\n<\/p>\n<p><strong>Le stade nautique de Colmar ferm\u00e9 24h\u00a0<\/strong><\/p>\n<p>Des incidents ont eu lieu aussi au stade nautique de Colmar, dimanche. <strong>Un groupe d&rsquo;une vingtaine d&rsquo;individus a provoqu\u00e9 plusieurs incivilit\u00e9s<\/strong>. Des ma\u00eetres nageurs, des agents de la ville et des agents de s\u00e9curit\u00e9 ont <strong>\u00e9t\u00e9 insult\u00e9s et menac\u00e9s de mort<\/strong>. Un agent de s\u00e9curit\u00e9 a \u00e9t\u00e9 frapp\u00e9 aussi par un client auquel il avait demand\u00e9 d&rsquo;arr\u00eater de fumer.<strong> Un agent de s\u00e9curit\u00e9 a ripost\u00e9 en donnant un coup de poing \u00e0 cet homme<\/strong>. Cet individu a menac\u00e9 de revenir pour se venger avec des personnes arm\u00e9es. La stade nautique de Colmar a \u00e9t\u00e9 aussit\u00f4t ferm\u00e9.<strong> Il rouvrira demain matin \u00e0 10h<\/strong>. Des fermetures qui interviennent en plein \u00e9pisode de canicule. Le 13 juin dernier, d\u00e9j\u00e0, la piscine de Hautepierre avait ferm\u00e9 ses portes \u00e0 Strasbourg suite \u00e0 l&rsquo;agression d&rsquo;un employ\u00e9.\u00a0<\/p><\/p>\n","protected":false},"excerpt":{"rendered":"La piscine du Wacken rouvrira ses portes aujourd&rsquo;hui \u00e0 Strasbourg Cr\u00e9dit : Strasbourg.eu \/ Facebook Jeanne Barseghian, la&hellip;\n","protected":false},"author":2,"featured_media":217604,"comment_status":"","ping_status":"","sticky":false,"template":"","format":"standard","meta":{"footnotes":""},"categories":[2820],"tags":[1111,11,35714,1120,11211,2389,11133,5065,1777,674,1011,27,775,26012,35713,2902,12,5922,25,640,4890,809],"class_list":{"0":"post-217603","1":"post","2":"type-post","3":"status-publish","4":"format-standard","5":"has-post-thumbnail","7":"category-strasbourg","8":"tag-actu","9":"tag-actualites","10":"tag-agentsdesecurite","11":"tag-agression","12":"tag-agressions","13":"tag-alsace","14":"tag-basrhin","15":"tag-colmar","16":"tag-eu","17":"tag-europe","18":"tag-fr","19":"tag-france","20":"tag-grand-est","21":"tag-grandest","22":"tag-hautrhin","23":"tag-incivilites","24":"tag-news","25":"tag-piscine","26":"tag-republique-francaise","27":"tag-strasbourg","28":"tag-topmusicfrance","29":"tag-violence"},"share_on_mastodon":{"url":"https:\/\/pubeurope.com\/@fr\/114776801730287924","error":""},"_links":{"self":[{"href":"https:\/\/www.europesays.com\/fr\/wp-json\/wp\/v2\/posts\/217603","targetHints":{"allow":["GET"]}}],"collection":[{"href":"https:\/\/www.europesays.com\/fr\/wp-json\/wp\/v2\/posts"}],"about":[{"href":"https:\/\/www.europesays.com\/fr\/wp-json\/wp\/v2\/types\/post"}],"author":[{"embeddable":true,"href":"https:\/\/www.europesays.com\/fr\/wp-json\/wp\/v2\/users\/2"}],"replies":[{"embeddable":true,"href":"https:\/\/www.europesays.com\/fr\/wp-json\/wp\/v2\/comments?post=217603"}],"version-history":[{"count":0,"href":"https:\/\/www.europesays.com\/fr\/wp-json\/wp\/v2\/posts\/217603\/revisions"}],"wp:featuredmedia":[{"embeddable":true,"href":"https:\/\/www.europesays.com\/fr\/wp-json\/wp\/v2\/media\/217604"}],"wp:attachment":[{"href":"https:\/\/www.europesays.com\/fr\/wp-json\/wp\/v2\/media?parent=217603"}],"wp:term":[{"taxonomy":"category","embeddable":true,"href":"https:\/\/www.europesays.com\/fr\/wp-json\/wp\/v2\/categories?post=217603"},{"taxonomy":"post_tag","embeddable":true,"href":"https:\/\/www.europesays.com\/fr\/wp-json\/wp\/v2\/tags?post=217603"}],"curies":[{"name":"wp","href":"https:\/\/api.w.org\/{rel}","templated":true}]}}